{"id":621,"date":"2024-05-01T17:28:20","date_gmt":"2024-05-01T15:28:20","guid":{"rendered":"https:\/\/assolejourj.fr\/wordpress\/?p=621"},"modified":"2025-06-03T01:41:24","modified_gmt":"2025-06-02T23:41:24","slug":"dans-la-clairiere-1er-juin-2024","status":"publish","type":"post","link":"https:\/\/assolejourj.fr\/wordpress\/dans-la-clairiere-1er-juin-2024\/01\/05\/2024\/","title":{"rendered":"Dans La Clairi\u00e8re &#8211; 1er Juin 2024"},"content":{"rendered":"<div class=\"wp-block-image\">\n<figure class=\"aligncenter size-full\"><img data-opt-id=61508681  fetchpriority=\"high\" decoding=\"async\" width=\"820\" height=\"360\" src=\"https:\/\/mlwtlfntpdtb.i.optimole.com\/w:auto\/h:auto\/q:mauto\/f:best\/https:\/\/assolejourj.fr\/wordpress\/wp-content\/uploads\/2024\/04\/Bandeau-Facebook.jpg\" alt=\"Image dans la clairi\u00e8re\" class=\"wp-image-593\" srcset=\"https:\/\/mlwtlfntpdtb.i.optimole.com\/w:820\/h:360\/q:mauto\/f:best\/https:\/\/assolejourj.fr\/wordpress\/wp-content\/uploads\/2024\/04\/Bandeau-Facebook.jpg 820w, https:\/\/mlwtlfntpdtb.i.optimole.com\/w:300\/h:132\/q:mauto\/f:best\/https:\/\/assolejourj.fr\/wordpress\/wp-content\/uploads\/2024\/04\/Bandeau-Facebook.jpg 300w, https:\/\/mlwtlfntpdtb.i.optimole.com\/w:768\/h:337\/q:mauto\/f:best\/https:\/\/assolejourj.fr\/wordpress\/wp-content\/uploads\/2024\/04\/Bandeau-Facebook.jpg 768w\" sizes=\"(max-width: 820px) 100vw, 820px\" \/><\/figure>\n<\/div>\n\n\n<p>Une soir\u00e9e Th\u00e9\u00e2trale et musicale dans un \u00e9crin de verdure, \u00e7a vous tente ? <\/p>\n\n\n\n<p>Boire un verre en \u00e9coutant le r\u00e9pertoire de Brassens revisit\u00e9, ou encore red\u00e9couvrir l&rsquo;oeuvre de Moli\u00e8re au milieu de la clairi\u00e8re du Tertre Gris voil\u00e0 un moment de d\u00e9tente qui ne se refuse pas ! <\/p>\n\n\n\n<p><span class=\"highlight\">C&rsquo;est que vous propose l&rsquo;association le JOURJ avec la programmation des Fa\u00e7onneurs et de la Cie Cin\u00e9maniak au TJH (<em>Th\u00e9\u00e2tre de erdure Jeannot Haguenier<\/em>) le Samedi 1er Juin 2024 \u00e0 Panc\u00e9. <\/span><\/p>\n\n\n\n<p><sup>De la convivialit\u00e9, de la simplicit\u00e9 au milieu d&rsquo;une qualit\u00e9 artisitique reconnue depuis 2013 !<\/sup><\/p>\n\n\n\n<h2 class=\"wp-block-heading\">19h &#8211; 20h : Les Fa\u00e7onneurs (chansons)<\/h2>\n\n\n<p><img data-opt-id=1852886025  fetchpriority=\"high\" decoding=\"async\" class=\"size-medium wp-image-468 alignright\" src=\"https:\/\/mlwtlfntpdtb.i.optimole.com\/w:213\/h:300\/q:mauto\/f:best\/https:\/\/assolejourj.fr\/wordpress\/wp-content\/uploads\/2024\/02\/les_faconneurs.png\" alt=\"Chansons de coeur par Les Fa\u00e7onneurs\" width=\"213\" height=\"300\" srcset=\"https:\/\/mlwtlfntpdtb.i.optimole.com\/w:213\/h:300\/q:mauto\/f:best\/https:\/\/assolejourj.fr\/wordpress\/wp-content\/uploads\/2024\/02\/les_faconneurs.png 213w, https:\/\/mlwtlfntpdtb.i.optimole.com\/w:391\/h:552\/q:mauto\/f:best\/https:\/\/assolejourj.fr\/wordpress\/wp-content\/uploads\/2024\/02\/les_faconneurs.png 391w\" sizes=\"(max-width: 213px) 100vw, 213px\" \/>Les Fac\u0327onneurs et Brassens, c\u2019est Jean a\u0300 la voix et contrebasse, Tangui a\u0300 la guitare et aux cordes vocales !<\/p>\n<p>Apre\u0300s une rencontre dans la boulange, les 2 compe\u0300res cuisinent et assaisonnent a\u0300 leur sauce des chansons franc\u0327aises et se de\u0301lectent a\u0300 les partager, depuis plusieurs anne\u0301es.<\/p>\n<p>Leur personnalite\u0301 respective, leur parcours de vie et de musique les invitent a\u0300 revisiter des classiques comme des chansons peu connues.<\/p>\n<p>Les Fac\u0327onneurs malaxent, triturent, pe\u0301trissent et vous servent tout beaux, tout chauds, des morceaux de bonheurs musicaux.<\/p>\n<\/p>\n\n\n<p><\/p>\n\n\n\n<h2 class=\"wp-block-heading\">20h30 &#8211; 22h00: \u00ab\u00a0En attendant Moli\u00e8re\u00a0\u00bb (Th\u00e9\u00e2tre)<\/h2>\n\n\n<p><i><img data-opt-id=2002045234  fetchpriority=\"high\" decoding=\"async\" class=\" wp-image-470 alignright\" src=\"https:\/\/mlwtlfntpdtb.i.optimole.com\/w:212\/h:300\/q:mauto\/f:best\/https:\/\/assolejourj.fr\/wordpress\/wp-content\/uploads\/2024\/02\/Visuel_en-attendantmoliere1.jpg\" alt=\"&quot;En attendant Moli\u00e8re&quot; par la Cie Cin\u00e9maniak\" width=\"314\" height=\"444\" srcset=\"https:\/\/mlwtlfntpdtb.i.optimole.com\/w:212\/h:300\/q:mauto\/f:best\/https:\/\/assolejourj.fr\/wordpress\/wp-content\/uploads\/2024\/02\/Visuel_en-attendantmoliere1.jpg 212w, https:\/\/mlwtlfntpdtb.i.optimole.com\/w:509\/h:720\/q:mauto\/f:best\/https:\/\/assolejourj.fr\/wordpress\/wp-content\/uploads\/2024\/02\/Visuel_en-attendantmoliere1.jpg 509w\" sizes=\"(max-width: 314px) 100vw, 314px\" \/>CR\u00c9ATION 2022 &#8211; <br \/><\/i><em>Quatre com\u00e9diens de la troupe de Moli\u00e8re sont en pleine r\u00e9p\u00e9tition. Mr de Moli\u00e8re doit venir les rejoindre. En l&rsquo;attendant, ils se pr\u00e9parent, r\u00e9visent leurs textes, s&rsquo;interpellent, mettent \u00e0 contributionles spectateurs&#8230;.<\/em><\/p>\n<p>Le langage utilis\u00e9 est uniquement fait du \u00ab\u00a0parler\u00a0\u00bb du 17 \u00e8me si\u00e8cle.<br \/>Le texte est un montage d&rsquo;extraits des pi\u00e8ces suivantes : <i>L&rsquo; Avare, <\/i><i>Les Pr\u00e9cieuses ridicules, <\/i><i>Don Juan, <\/i><i>Le M\u00e9decin malgr\u00e9 lui, <\/i><i>Le Bourgeois Gentilhomme, <\/i><i>Le Malade imaginaire, <\/i><i>L&rsquo;Impromptu de Versailles.<\/i><\/p>\n<p>\u00c0 la mani\u00e8re de l&rsquo;Illustre Th\u00e9\u00e2tre, La roulotte se transforme en th\u00e9\u00e2tre de tr\u00e9teaux et permet, \u00e0 l&rsquo;aide d&rsquo;une mise en sc\u00e8ne joyeuse et interactive, de plonger le spectateur dans l&rsquo;univers des bateleurs et des artistes de l&rsquo;\u00e9poque.\u00a0<\/p>\n<p>Venez dans la clairi\u00e8re, partager ces instants magiques et uniques et savourer de purs moments de bonheur !<\/p>\n<\/p>\n\n\n<div class=\"wp-block-buttons is-content-justification-center is-layout-flex wp-container-core-buttons-is-layout-16018d1d wp-block-buttons-is-layout-flex\">\n<div class=\"wp-block-button has-custom-width wp-block-button__width-25 is-style-outline is-style-outline--1\"><a class=\"wp-block-button__link has-luminous-vivid-orange-color has-white-background-color has-text-color has-background has-link-color wp-element-button\" href=\"https:\/\/www.helloasso.com\/associations\/le-jourj\/evenements\/dans-la-clairiere-le-1er-juin-2024\"><strong>JE RESERVE<\/strong><\/a><\/div>\n<\/div>\n\n\n<div class=\"wp-block-image\">\n<figure class=\"aligncenter size-large\"><img data-opt-id=383988843  data-opt-src=\"https:\/\/mlwtlfntpdtb.i.optimole.com\/w:724\/h:1024\/q:mauto\/f:best\/https:\/\/assolejourj.fr\/wordpress\/wp-content\/uploads\/2024\/04\/affiche_A4.jpg\"  loading=\"lazy\" decoding=\"async\" width=\"724\" height=\"1024\" src=\"data:image/svg+xml,%3Csvg%20viewBox%3D%220%200%20724%201024%22%20width%3D%22724%22%20height%3D%221024%22%20xmlns%3D%22http%3A%2F%2Fwww.w3.org%2F2000%2Fsvg%22%3E%3Crect%20width%3D%22724%22%20height%3D%221024%22%20fill%3D%22transparent%22%2F%3E%3C%2Fsvg%3E\" alt=\"\" class=\"wp-image-597\" old-srcset=\"https:\/\/mlwtlfntpdtb.i.optimole.com\/w:724\/h:1024\/q:mauto\/f:best\/https:\/\/assolejourj.fr\/wordpress\/wp-content\/uploads\/2024\/04\/affiche_A4-scaled.jpg 724w, https:\/\/mlwtlfntpdtb.i.optimole.com\/w:212\/h:300\/q:mauto\/f:best\/https:\/\/assolejourj.fr\/wordpress\/wp-content\/uploads\/2024\/04\/affiche_A4-scaled.jpg 212w, https:\/\/mlwtlfntpdtb.i.optimole.com\/w:763\/h:1080\/q:mauto\/f:best\/https:\/\/assolejourj.fr\/wordpress\/wp-content\/uploads\/2024\/04\/affiche_A4-scaled.jpg 768w, https:\/\/mlwtlfntpdtb.i.optimole.com\/w:763\/h:1080\/q:mauto\/f:best\/https:\/\/assolejourj.fr\/wordpress\/wp-content\/uploads\/2024\/04\/affiche_A4-scaled.jpg 1086w, https:\/\/mlwtlfntpdtb.i.optimole.com\/w:763\/h:1080\/q:mauto\/f:best\/https:\/\/assolejourj.fr\/wordpress\/wp-content\/uploads\/2024\/04\/affiche_A4-scaled.jpg 1448w, https:\/\/mlwtlfntpdtb.i.optimole.com\/w:763\/h:1080\/q:mauto\/f:best\/https:\/\/assolejourj.fr\/wordpress\/wp-content\/uploads\/2024\/04\/affiche_A4-scaled.jpg 1810w\" \/><\/figure>\n<\/div>\n\n\n<p><\/p>\n","protected":false},"excerpt":{"rendered":"<p>Une soir\u00e9e Th\u00e9\u00e2trale et musicale dans un \u00e9crin de verdure, \u00e7a vous tente ? Boire un verre en \u00e9coutant le r\u00e9pertoire de Brassens revisit\u00e9, ou encore red\u00e9couvrir l&rsquo;oeuvre de Moli\u00e8re au milieu de la clairi\u00e8re du Tertre Gris voil\u00e0 un moment de d\u00e9tente qui ne se refuse pas ! C&rsquo;est que vous propose l&rsquo;association le [&hellip;]<\/p>\n","protected":false},"author":1,"featured_media":700,"comment_status":"closed","ping_status":"closed","sticky":false,"template":"","format":"standard","meta":{"pagelayer_contact_templates":[],"_pagelayer_content":"","_themeisle_gutenberg_block_has_review":false,"footnotes":""},"categories":[11,33],"tags":[23,28,27,25,26,24,14,16,22,15,18,29,30,13,12],"class_list":["post-621","post","type-post","status-publish","format-standard","has-post-thumbnail","hentry","category-lejourj-2024","category-actualites","tag-brassens","tag-chansons","tag-cinemaniak","tag-dans-la-clairiere","tag-faconneurs","tag-foret","tag-jeannot-haguenier","tag-le-jourj","tag-moliere","tag-pance","tag-tertre-gris","tag-theatre","tag-theatre-de-treteaux","tag-theatre-de-verdure","tag-tjh"],"yoast_head":"<!-- This site is optimized with the Yoast SEO plugin v27.5 - https:\/\/yoast.com\/product\/yoast-seo-wordpress\/ -->\n<title>Dans La Clairi\u00e8re - 1er Juin 2024 - Association le Jour J.<\/title>\n<meta name=\"robots\" content=\"index, follow, max-snippet:-1, max-image-preview:large, max-video-preview:-1\" \/>\n<link rel=\"canonical\" href=\"https:\/\/assolejourj.fr\/wordpress\/dans-la-clairiere-1er-juin-2024\/01\/05\/2024\/\" \/>\n<meta property=\"og:locale\" content=\"fr_FR\" \/>\n<meta property=\"og:type\" content=\"article\" \/>\n<meta property=\"og:title\" content=\"Dans La Clairi\u00e8re - 1er Juin 2024 - Association le Jour J.\" \/>\n<meta property=\"og:description\" content=\"Une soir\u00e9e Th\u00e9\u00e2trale et musicale dans un \u00e9crin de verdure, \u00e7a vous tente ? Boire un verre en \u00e9coutant le r\u00e9pertoire de Brassens revisit\u00e9, ou encore red\u00e9couvrir l&rsquo;oeuvre de Moli\u00e8re au milieu de la clairi\u00e8re du Tertre Gris voil\u00e0 un moment de d\u00e9tente qui ne se refuse pas ! C&rsquo;est que vous propose l&rsquo;association le [&hellip;]\" \/>\n<meta property=\"og:url\" content=\"https:\/\/assolejourj.fr\/wordpress\/dans-la-clairiere-1er-juin-2024\/01\/05\/2024\/\" \/>\n<meta property=\"og:site_name\" content=\"Association le Jour J.\" \/>\n<meta property=\"article:publisher\" content=\"https:\/\/www.facebook.com\/AssoLeJourJ\/?locale=fr_FR\" \/>\n<meta property=\"article:published_time\" content=\"2024-05-01T15:28:20+00:00\" \/>\n<meta property=\"article:modified_time\" content=\"2025-06-02T23:41:24+00:00\" \/>\n<meta property=\"og:image\" content=\"https:\/\/mlwtlfntpdtb.i.optimole.com\/w:auto\/h:auto\/q:mauto\/f:best\/https:\/\/assolejourj.fr\/wordpress\/wp-content\/uploads\/2024\/05\/Logo2024-Orange.png\" \/>\n\t<meta property=\"og:image:width\" content=\"8335\" \/>\n\t<meta property=\"og:image:height\" content=\"8334\" \/>\n\t<meta property=\"og:image:type\" content=\"image\/png\" \/>\n<meta name=\"author\" content=\"admin\" \/>\n<meta name=\"twitter:card\" content=\"summary_large_image\" \/>\n<meta name=\"twitter:creator\" content=\"@AssoLeJourJ\" \/>\n<meta name=\"twitter:site\" content=\"@AssoLeJourJ\" \/>\n<meta name=\"twitter:label1\" content=\"\u00c9crit par\" \/>\n\t<meta name=\"twitter:data1\" content=\"admin\" \/>\n\t<meta name=\"twitter:label2\" content=\"Dur\u00e9e de lecture estim\u00e9e\" \/>\n\t<meta name=\"twitter:data2\" content=\"3 minutes\" \/>\n<script type=\"application\/ld+json\" class=\"yoast-schema-graph\">{\"@context\":\"https:\\\/\\\/schema.org\",\"@graph\":[{\"@type\":\"Article\",\"@id\":\"https:\\\/\\\/assolejourj.fr\\\/wordpress\\\/dans-la-clairiere-1er-juin-2024\\\/01\\\/05\\\/2024\\\/#article\",\"isPartOf\":{\"@id\":\"https:\\\/\\\/assolejourj.fr\\\/wordpress\\\/dans-la-clairiere-1er-juin-2024\\\/01\\\/05\\\/2024\\\/\"},\"author\":{\"name\":\"admin\",\"@id\":\"https:\\\/\\\/assolejourj.fr\\\/wordpress\\\/#\\\/schema\\\/person\\\/6c4d9c007cbf2db62d8a7e206fb29099\"},\"headline\":\"Dans La Clairi\u00e8re &#8211; 1er Juin 2024\",\"datePublished\":\"2024-05-01T15:28:20+00:00\",\"dateModified\":\"2025-06-02T23:41:24+00:00\",\"mainEntityOfPage\":{\"@id\":\"https:\\\/\\\/assolejourj.fr\\\/wordpress\\\/dans-la-clairiere-1er-juin-2024\\\/01\\\/05\\\/2024\\\/\"},\"wordCount\":372,\"publisher\":{\"@id\":\"https:\\\/\\\/assolejourj.fr\\\/wordpress\\\/#organization\"},\"image\":{\"@id\":\"https:\\\/\\\/assolejourj.fr\\\/wordpress\\\/dans-la-clairiere-1er-juin-2024\\\/01\\\/05\\\/2024\\\/#primaryimage\"},\"thumbnailUrl\":\"https:\\/\\/assolejourj.fr\\/wordpress\\/wp-content\\/uploads\\/2024\\/05\\/Logo2024-Orange.png\",\"keywords\":[\"Brassens\",\"chansons\",\"Cin\u00e9maniak\",\"dans la clairi\u00e8re\",\"Fa\u00e7onneurs\",\"For\u00eat\",\"Jeannot Haguenier\",\"Le JourJ\",\"Moli\u00e8re\",\"Panc\u00e9\",\"Tertre Gris\",\"Th\u00e9\u00e2tre\",\"th\u00e9\u00e2tre de tr\u00e9teaux\",\"Th\u00e9\u00e2tre de verdure\",\"TJH\"],\"articleSection\":[\"2024\",\"Les Actualit\u00e9s\"],\"inLanguage\":\"fr-FR\"},{\"@type\":\"WebPage\",\"@id\":\"https:\\\/\\\/assolejourj.fr\\\/wordpress\\\/dans-la-clairiere-1er-juin-2024\\\/01\\\/05\\\/2024\\\/\",\"url\":\"https:\\\/\\\/assolejourj.fr\\\/wordpress\\\/dans-la-clairiere-1er-juin-2024\\\/01\\\/05\\\/2024\\\/\",\"name\":\"Dans La Clairi\u00e8re - 1er Juin 2024 - Association le Jour J.\",\"isPartOf\":{\"@id\":\"https:\\\/\\\/assolejourj.fr\\\/wordpress\\\/#website\"},\"primaryImageOfPage\":{\"@id\":\"https:\\\/\\\/assolejourj.fr\\\/wordpress\\\/dans-la-clairiere-1er-juin-2024\\\/01\\\/05\\\/2024\\\/#primaryimage\"},\"image\":{\"@id\":\"https:\\\/\\\/assolejourj.fr\\\/wordpress\\\/dans-la-clairiere-1er-juin-2024\\\/01\\\/05\\\/2024\\\/#primaryimage\"},\"thumbnailUrl\":\"https:\\/\\/assolejourj.fr\\/wordpress\\/wp-content\\/uploads\\/2024\\/05\\/Logo2024-Orange.png\",\"datePublished\":\"2024-05-01T15:28:20+00:00\",\"dateModified\":\"2025-06-02T23:41:24+00:00\",\"breadcrumb\":{\"@id\":\"https:\\\/\\\/assolejourj.fr\\\/wordpress\\\/dans-la-clairiere-1er-juin-2024\\\/01\\\/05\\\/2024\\\/#breadcrumb\"},\"inLanguage\":\"fr-FR\",\"potentialAction\":[{\"@type\":\"ReadAction\",\"target\":[\"https:\\\/\\\/assolejourj.fr\\\/wordpress\\\/dans-la-clairiere-1er-juin-2024\\\/01\\\/05\\\/2024\\\/\"]}]},{\"@type\":\"ImageObject\",\"inLanguage\":\"fr-FR\",\"@id\":\"https:\\\/\\\/assolejourj.fr\\\/wordpress\\\/dans-la-clairiere-1er-juin-2024\\\/01\\\/05\\\/2024\\\/#primaryimage\",\"url\":\"https:\\/\\/assolejourj.fr\\/wordpress\\/wp-content\\/uploads\\/2024\\/05\\/Logo2024-Orange.png\",\"contentUrl\":\"https:\\/\\/assolejourj.fr\\/wordpress\\/wp-content\\/uploads\\/2024\\/05\\/Logo2024-Orange.png\",\"width\":8335,\"height\":8334,\"caption\":\"L'association\"},{\"@type\":\"BreadcrumbList\",\"@id\":\"https:\\\/\\\/assolejourj.fr\\\/wordpress\\\/dans-la-clairiere-1er-juin-2024\\\/01\\\/05\\\/2024\\\/#breadcrumb\",\"itemListElement\":[{\"@type\":\"ListItem\",\"position\":1,\"name\":\"Accueil\",\"item\":\"https:\\\/\\\/assolejourj.fr\\\/wordpress\\\/\"},{\"@type\":\"ListItem\",\"position\":2,\"name\":\"Dans La Clairi\u00e8re &#8211; 1er Juin 2024\"}]},{\"@type\":\"WebSite\",\"@id\":\"https:\\\/\\\/assolejourj.fr\\\/wordpress\\\/#website\",\"url\":\"https:\\\/\\\/assolejourj.fr\\\/wordpress\\\/\",\"name\":\"Association le Jour J\",\"description\":\"Diffuseur de culture rafra\u00eechissante\",\"publisher\":{\"@id\":\"https:\\\/\\\/assolejourj.fr\\\/wordpress\\\/#organization\"},\"potentialAction\":[{\"@type\":\"SearchAction\",\"target\":{\"@type\":\"EntryPoint\",\"urlTemplate\":\"https:\\\/\\\/assolejourj.fr\\\/wordpress\\\/?s={search_term_string}\"},\"query-input\":{\"@type\":\"PropertyValueSpecification\",\"valueRequired\":true,\"valueName\":\"search_term_string\"}}],\"inLanguage\":\"fr-FR\"},{\"@type\":\"Organization\",\"@id\":\"https:\\\/\\\/assolejourj.fr\\\/wordpress\\\/#organization\",\"name\":\"Association le Jour J\",\"url\":\"https:\\\/\\\/assolejourj.fr\\\/wordpress\\\/\",\"logo\":{\"@type\":\"ImageObject\",\"inLanguage\":\"fr-FR\",\"@id\":\"https:\\\/\\\/assolejourj.fr\\\/wordpress\\\/#\\\/schema\\\/logo\\\/image\\\/\",\"url\":\"https:\\/\\/assolejourj.fr\\/wordpress\\/wp-content\\/uploads\\/2023\\/02\\/Logo-1.jpg\",\"contentUrl\":\"https:\\/\\/assolejourj.fr\\/wordpress\\/wp-content\\/uploads\\/2023\\/02\\/Logo-1.jpg\",\"width\":320,\"height\":319,\"caption\":\"Association le Jour J\"},\"image\":{\"@id\":\"https:\\\/\\\/assolejourj.fr\\\/wordpress\\\/#\\\/schema\\\/logo\\\/image\\\/\"},\"sameAs\":[\"https:\\\/\\\/www.facebook.com\\\/AssoLeJourJ\\\/?locale=fr_FR\",\"https:\\\/\\\/x.com\\\/AssoLeJourJ\",\"https:\\\/\\\/www.instagram.com\\\/lejourjasso\\\/\"]},{\"@type\":\"Person\",\"@id\":\"https:\\\/\\\/assolejourj.fr\\\/wordpress\\\/#\\\/schema\\\/person\\\/6c4d9c007cbf2db62d8a7e206fb29099\",\"name\":\"admin\",\"image\":{\"@type\":\"ImageObject\",\"inLanguage\":\"fr-FR\",\"@id\":\"https:\\\/\\\/secure.gravatar.com\\\/avatar\\\/fd5fc797398bc466c693f299ae1ff27f9b9c36aa30580e8aecc7c8d7b89d29cc?s=96&d=mm&r=g\",\"url\":\"https:\\\/\\\/secure.gravatar.com\\\/avatar\\\/fd5fc797398bc466c693f299ae1ff27f9b9c36aa30580e8aecc7c8d7b89d29cc?s=96&d=mm&r=g\",\"contentUrl\":\"https:\\\/\\\/secure.gravatar.com\\\/avatar\\\/fd5fc797398bc466c693f299ae1ff27f9b9c36aa30580e8aecc7c8d7b89d29cc?s=96&d=mm&r=g\",\"caption\":\"admin\"},\"sameAs\":[\"https:\\\/\\\/assolejourj.fr\\\/wordpress\"],\"url\":\"https:\\\/\\\/assolejourj.fr\\\/wordpress\\\/author\\\/adminlejourj1\\\/\"}]}<\/script>\n<!-- \/ Yoast SEO plugin. -->","yoast_head_json":{"title":"Dans La Clairi\u00e8re - 1er Juin 2024 - Association le Jour J.","robots":{"index":"index","follow":"follow","max-snippet":"max-snippet:-1","max-image-preview":"max-image-preview:large","max-video-preview":"max-video-preview:-1"},"canonical":"https:\/\/assolejourj.fr\/wordpress\/dans-la-clairiere-1er-juin-2024\/01\/05\/2024\/","og_locale":"fr_FR","og_type":"article","og_title":"Dans La Clairi\u00e8re - 1er Juin 2024 - Association le Jour J.","og_description":"Une soir\u00e9e Th\u00e9\u00e2trale et musicale dans un \u00e9crin de verdure, \u00e7a vous tente ? Boire un verre en \u00e9coutant le r\u00e9pertoire de Brassens revisit\u00e9, ou encore red\u00e9couvrir l&rsquo;oeuvre de Moli\u00e8re au milieu de la clairi\u00e8re du Tertre Gris voil\u00e0 un moment de d\u00e9tente qui ne se refuse pas ! C&rsquo;est que vous propose l&rsquo;association le [&hellip;]","og_url":"https:\/\/assolejourj.fr\/wordpress\/dans-la-clairiere-1er-juin-2024\/01\/05\/2024\/","og_site_name":"Association le Jour J.","article_publisher":"https:\/\/www.facebook.com\/AssoLeJourJ\/?locale=fr_FR","article_published_time":"2024-05-01T15:28:20+00:00","article_modified_time":"2025-06-02T23:41:24+00:00","og_image":[{"width":8335,"height":8334,"url":"https:\/\/mlwtlfntpdtb.i.optimole.com\/w:auto\/h:auto\/q:mauto\/f:best\/https:\/\/assolejourj.fr\/wordpress\/wp-content\/uploads\/2024\/05\/Logo2024-Orange.png","type":"image\/png"}],"author":"admin","twitter_card":"summary_large_image","twitter_creator":"@AssoLeJourJ","twitter_site":"@AssoLeJourJ","twitter_misc":{"\u00c9crit par":"admin","Dur\u00e9e de lecture estim\u00e9e":"3 minutes"},"schema":{"@context":"https:\/\/schema.org","@graph":[{"@type":"Article","@id":"https:\/\/assolejourj.fr\/wordpress\/dans-la-clairiere-1er-juin-2024\/01\/05\/2024\/#article","isPartOf":{"@id":"https:\/\/assolejourj.fr\/wordpress\/dans-la-clairiere-1er-juin-2024\/01\/05\/2024\/"},"author":{"name":"admin","@id":"https:\/\/assolejourj.fr\/wordpress\/#\/schema\/person\/6c4d9c007cbf2db62d8a7e206fb29099"},"headline":"Dans La Clairi\u00e8re &#8211; 1er Juin 2024","datePublished":"2024-05-01T15:28:20+00:00","dateModified":"2025-06-02T23:41:24+00:00","mainEntityOfPage":{"@id":"https:\/\/assolejourj.fr\/wordpress\/dans-la-clairiere-1er-juin-2024\/01\/05\/2024\/"},"wordCount":372,"publisher":{"@id":"https:\/\/assolejourj.fr\/wordpress\/#organization"},"image":{"@id":"https:\/\/assolejourj.fr\/wordpress\/dans-la-clairiere-1er-juin-2024\/01\/05\/2024\/#primaryimage"},"thumbnailUrl":"https:\/\/mlwtlfntpdtb.i.optimole.com\/w:auto\/h:auto\/q:mauto\/f:best\/https:\/\/assolejourj.fr\/wordpress\/wp-content\/uploads\/2024\/05\/Logo2024-Orange.png","keywords":["Brassens","chansons","Cin\u00e9maniak","dans la clairi\u00e8re","Fa\u00e7onneurs","For\u00eat","Jeannot Haguenier","Le JourJ","Moli\u00e8re","Panc\u00e9","Tertre Gris","Th\u00e9\u00e2tre","th\u00e9\u00e2tre de tr\u00e9teaux","Th\u00e9\u00e2tre de verdure","TJH"],"articleSection":["2024","Les Actualit\u00e9s"],"inLanguage":"fr-FR"},{"@type":"WebPage","@id":"https:\/\/assolejourj.fr\/wordpress\/dans-la-clairiere-1er-juin-2024\/01\/05\/2024\/","url":"https:\/\/assolejourj.fr\/wordpress\/dans-la-clairiere-1er-juin-2024\/01\/05\/2024\/","name":"Dans La Clairi\u00e8re - 1er Juin 2024 - Association le Jour J.","isPartOf":{"@id":"https:\/\/assolejourj.fr\/wordpress\/#website"},"primaryImageOfPage":{"@id":"https:\/\/assolejourj.fr\/wordpress\/dans-la-clairiere-1er-juin-2024\/01\/05\/2024\/#primaryimage"},"image":{"@id":"https:\/\/assolejourj.fr\/wordpress\/dans-la-clairiere-1er-juin-2024\/01\/05\/2024\/#primaryimage"},"thumbnailUrl":"https:\/\/mlwtlfntpdtb.i.optimole.com\/w:auto\/h:auto\/q:mauto\/f:best\/https:\/\/assolejourj.fr\/wordpress\/wp-content\/uploads\/2024\/05\/Logo2024-Orange.png","datePublished":"2024-05-01T15:28:20+00:00","dateModified":"2025-06-02T23:41:24+00:00","breadcrumb":{"@id":"https:\/\/assolejourj.fr\/wordpress\/dans-la-clairiere-1er-juin-2024\/01\/05\/2024\/#breadcrumb"},"inLanguage":"fr-FR","potentialAction":[{"@type":"ReadAction","target":["https:\/\/assolejourj.fr\/wordpress\/dans-la-clairiere-1er-juin-2024\/01\/05\/2024\/"]}]},{"@type":"ImageObject","inLanguage":"fr-FR","@id":"https:\/\/assolejourj.fr\/wordpress\/dans-la-clairiere-1er-juin-2024\/01\/05\/2024\/#primaryimage","url":"https:\/\/mlwtlfntpdtb.i.optimole.com\/w:auto\/h:auto\/q:mauto\/f:best\/https:\/\/assolejourj.fr\/wordpress\/wp-content\/uploads\/2024\/05\/Logo2024-Orange.png","contentUrl":"https:\/\/mlwtlfntpdtb.i.optimole.com\/w:auto\/h:auto\/q:mauto\/f:best\/https:\/\/assolejourj.fr\/wordpress\/wp-content\/uploads\/2024\/05\/Logo2024-Orange.png","width":8335,"height":8334,"caption":"L'association"},{"@type":"BreadcrumbList","@id":"https:\/\/assolejourj.fr\/wordpress\/dans-la-clairiere-1er-juin-2024\/01\/05\/2024\/#breadcrumb","itemListElement":[{"@type":"ListItem","position":1,"name":"Accueil","item":"https:\/\/assolejourj.fr\/wordpress\/"},{"@type":"ListItem","position":2,"name":"Dans La Clairi\u00e8re &#8211; 1er Juin 2024"}]},{"@type":"WebSite","@id":"https:\/\/assolejourj.fr\/wordpress\/#website","url":"https:\/\/assolejourj.fr\/wordpress\/","name":"Association le Jour J","description":"Diffuseur de culture rafra\u00eechissante","publisher":{"@id":"https:\/\/assolejourj.fr\/wordpress\/#organization"},"potentialAction":[{"@type":"SearchAction","target":{"@type":"EntryPoint","urlTemplate":"https:\/\/assolejourj.fr\/wordpress\/?s={search_term_string}"},"query-input":{"@type":"PropertyValueSpecification","valueRequired":true,"valueName":"search_term_string"}}],"inLanguage":"fr-FR"},{"@type":"Organization","@id":"https:\/\/assolejourj.fr\/wordpress\/#organization","name":"Association le Jour J","url":"https:\/\/assolejourj.fr\/wordpress\/","logo":{"@type":"ImageObject","inLanguage":"fr-FR","@id":"https:\/\/assolejourj.fr\/wordpress\/#\/schema\/logo\/image\/","url":"https:\/\/mlwtlfntpdtb.i.optimole.com\/w:auto\/h:auto\/q:mauto\/f:best\/https:\/\/assolejourj.fr\/wordpress\/wp-content\/uploads\/2023\/02\/Logo-1.jpg","contentUrl":"https:\/\/mlwtlfntpdtb.i.optimole.com\/w:auto\/h:auto\/q:mauto\/f:best\/https:\/\/assolejourj.fr\/wordpress\/wp-content\/uploads\/2023\/02\/Logo-1.jpg","width":320,"height":319,"caption":"Association le Jour J"},"image":{"@id":"https:\/\/assolejourj.fr\/wordpress\/#\/schema\/logo\/image\/"},"sameAs":["https:\/\/www.facebook.com\/AssoLeJourJ\/?locale=fr_FR","https:\/\/x.com\/AssoLeJourJ","https:\/\/www.instagram.com\/lejourjasso\/"]},{"@type":"Person","@id":"https:\/\/assolejourj.fr\/wordpress\/#\/schema\/person\/6c4d9c007cbf2db62d8a7e206fb29099","name":"admin","image":{"@type":"ImageObject","inLanguage":"fr-FR","@id":"https:\/\/secure.gravatar.com\/avatar\/fd5fc797398bc466c693f299ae1ff27f9b9c36aa30580e8aecc7c8d7b89d29cc?s=96&d=mm&r=g","url":"https:\/\/secure.gravatar.com\/avatar\/fd5fc797398bc466c693f299ae1ff27f9b9c36aa30580e8aecc7c8d7b89d29cc?s=96&d=mm&r=g","contentUrl":"https:\/\/secure.gravatar.com\/avatar\/fd5fc797398bc466c693f299ae1ff27f9b9c36aa30580e8aecc7c8d7b89d29cc?s=96&d=mm&r=g","caption":"admin"},"sameAs":["https:\/\/assolejourj.fr\/wordpress"],"url":"https:\/\/assolejourj.fr\/wordpress\/author\/adminlejourj1\/"}]}},"_links":{"self":[{"href":"https:\/\/assolejourj.fr\/wordpress\/wp-json\/wp\/v2\/posts\/621","targetHints":{"allow":["GET"]}}],"collection":[{"href":"https:\/\/assolejourj.fr\/wordpress\/wp-json\/wp\/v2\/posts"}],"about":[{"href":"https:\/\/assolejourj.fr\/wordpress\/wp-json\/wp\/v2\/types\/post"}],"author":[{"embeddable":true,"href":"https:\/\/assolejourj.fr\/wordpress\/wp-json\/wp\/v2\/users\/1"}],"replies":[{"embeddable":true,"href":"https:\/\/assolejourj.fr\/wordpress\/wp-json\/wp\/v2\/comments?post=621"}],"version-history":[{"count":19,"href":"https:\/\/assolejourj.fr\/wordpress\/wp-json\/wp\/v2\/posts\/621\/revisions"}],"predecessor-version":[{"id":675,"href":"https:\/\/assolejourj.fr\/wordpress\/wp-json\/wp\/v2\/posts\/621\/revisions\/675"}],"wp:featuredmedia":[{"embeddable":true,"href":"https:\/\/assolejourj.fr\/wordpress\/wp-json\/wp\/v2\/media\/700"}],"wp:attachment":[{"href":"https:\/\/assolejourj.fr\/wordpress\/wp-json\/wp\/v2\/media?parent=621"}],"wp:term":[{"taxonomy":"category","embeddable":true,"href":"https:\/\/assolejourj.fr\/wordpress\/wp-json\/wp\/v2\/categories?post=621"},{"taxonomy":"post_tag","embeddable":true,"href":"https:\/\/assolejourj.fr\/wordpress\/wp-json\/wp\/v2\/tags?post=621"}],"curies":[{"name":"wp","href":"https:\/\/api.w.org\/{rel}","templated":true}]}}