{"id":738,"date":"2024-08-16T18:28:17","date_gmt":"2024-08-16T16:28:17","guid":{"rendered":"https:\/\/assolejourj.fr\/wordpress\/?p=738"},"modified":"2025-06-03T01:40:46","modified_gmt":"2025-06-02T23:40:46","slug":"dans-la-clairiere-le-7-septembre-a-pance","status":"publish","type":"post","link":"https:\/\/assolejourj.fr\/wordpress\/dans-la-clairiere-le-7-septembre-a-pance\/16\/08\/2024\/","title":{"rendered":"Dans La \u00ab\u00a0CLAIRI\u00c8RE\u00a0\u00bb le 7 Septembre  &#8211; Report\u00e9 le 19 Avril 2025 !!"},"content":{"rendered":"\n<strong>\u00c9V\u00c8NEMENT REPORT\u00c9 au samedi 19 Avril 2025 pour cause de conditions m\u00e9t\u00e9orologique.<\/strong>\n\n\n<div class=\"wp-block-image\">\n<figure class=\"aligncenter size-full\"><img data-opt-id=1447496433  fetchpriority=\"high\" decoding=\"async\" width=\"787\" height=\"212\" src=\"https:\/\/mlwtlfntpdtb.i.optimole.com\/w:auto\/h:auto\/q:mauto\/f:best\/https:\/\/assolejourj.fr\/wordpress\/wp-content\/uploads\/2024\/08\/recto_MarquePage.png\" alt=\"\" class=\"wp-image-742\" srcset=\"https:\/\/mlwtlfntpdtb.i.optimole.com\/w:787\/h:212\/q:mauto\/f:best\/https:\/\/assolejourj.fr\/wordpress\/wp-content\/uploads\/2024\/08\/recto_MarquePage.png 787w, https:\/\/mlwtlfntpdtb.i.optimole.com\/w:300\/h:81\/q:mauto\/f:best\/https:\/\/assolejourj.fr\/wordpress\/wp-content\/uploads\/2024\/08\/recto_MarquePage.png 300w, https:\/\/mlwtlfntpdtb.i.optimole.com\/w:768\/h:207\/q:mauto\/f:best\/https:\/\/assolejourj.fr\/wordpress\/wp-content\/uploads\/2024\/08\/recto_MarquePage.png 768w\" sizes=\"(max-width: 787px) 100vw, 787px\" \/><\/figure>\n<\/div>\n\n\n<h2 class=\"wp-block-heading\"><strong><em>Une soir\u00e9e th\u00e9\u00e2trale et musicale, en plein-air, pour vous parler d&rsquo;Amour! <\/em><\/strong><\/h2>\n\n\n\n<div class=\"wp-block-columns is-layout-flex wp-container-core-columns-is-layout-9d6595d7 wp-block-columns-is-layout-flex\">\n<div class=\"wp-block-column is-layout-flow wp-block-column-is-layout-flow\" style=\"flex-basis:60%\">\n<div class=\"wp-block-group is-nowrap is-layout-flex wp-container-core-group-is-layout-ad2f72ca wp-block-group-is-layout-flex\">\n<strong><mark style=\"background-color:#000000;color:#ff0066\" class=\"has-inline-color\">MANO A MANO (Musique)<\/mark><\/strong><br><br><strong>Dix cordes pour un Duo :<\/strong><br><br>Le guitariste <strong>St\u00e9phane P\u00e9ron<\/strong> et le violoniste <strong>Cyrille Fouquer<\/strong> vous invitent \u00e0 une heure de musiques instrumentales.<br>Compositions et reprises personnalis\u00e9es : Flamenco, Classique, Tangos argentins, Rumbas flamenca, Jazz\u2026<br>Un r\u00e9pertoire large, tant intimiste que rythm\u00e9.<br>De c\u00e9l\u00e8bres th\u00e8mes arrang\u00e9s par le Duo c\u00f4toient les compositions de St\u00e9phane P\u00e9ron.<br>Pour les d\u00e9couvrir en musique :&nbsp;https:\/\/esteflamenco.fr\/2024\/05\/17\/mano-a-mano-duo-guitare-violon\/<br><br><br><strong><mark style=\"background-color:#000000;color:#ff0066\" class=\"has-inline-color\">Cie BOR\u00c9ALE&rsquo;S (Th\u00e9\u00e2tre)<\/mark><\/strong><br><br><strong>La r\u00e9unification des deux Cor\u00e9es :<\/strong><br><br>\u00c0 partir de dix sc\u00e8nes choisies dans l&rsquo;excellent \u00e9crit\u00ab <strong>La r\u00e9unification des 2 Cor\u00e9es <\/strong>\u00bb du c\u00e9l\u00e8bre auteur <strong>Jo\u00ebl Pommerat<\/strong>, le spectacle s\u2019est \u00e9crit et se joue de fa\u00e7on collective autour du lien amoureux.<br>Dans un mouvement ininterrompu de ch\u0153urs, les com\u00e9diennes et les com\u00e9diens nous emm\u00e8nent d\u2019une sc\u00e8ne \u00e0 l\u2019autre. Le plateau de th\u00e9\u00e2tre devient un lieu de vie o\u00f9 l\u2019on scrute la relation amoureuse.<br>Qu\u2019est-ce qui tient les \u00eatres humains ensemble ? Et qu\u2019est-ce qui les s\u00e9pare ?<br><br><strong>C\u2019est le bal de la vie. Alors maintenant, dansons ! \u00bb<\/strong><br>\n<\/div>\n\n\n\n<h2 id=\"wp-block-themeisle-blocks-advanced-heading-97d5e147\" class=\"wp-block-themeisle-blocks-advanced-heading wp-block-themeisle-blocks-advanced-heading-97d5e147 has-dark-bg o-sticky o-sticky-scope-main-area o-sticky-pos-top o-sticky-bhvr-keep\"><em><strong>Ce spectacle repr\u00e9sentera la Bretagne au concours nationale de th\u00e9\u00e2tre amateur  \u00ab\u00a0F\u00c9STH\u00c9A\u00a0\u00bb \u00e0 Tours !<\/strong><\/em><\/h2>\n<\/div>\n\n\n\n<div class=\"wp-block-column is-layout-flow wp-block-column-is-layout-flow\" style=\"flex-basis:40%\"><div class=\"wp-block-image\">\n<figure class=\"alignright size-full is-resized\"><img data-opt-id=673528150  fetchpriority=\"high\" decoding=\"async\" width=\"212\" height=\"787\" src=\"https:\/\/mlwtlfntpdtb.i.optimole.com\/w:auto\/h:auto\/q:mauto\/f:best\/https:\/\/assolejourj.fr\/wordpress\/wp-content\/uploads\/2024\/08\/verso_marquePage.png\" alt=\"\" class=\"wp-image-741\" style=\"width:271px;height:auto\" srcset=\"https:\/\/mlwtlfntpdtb.i.optimole.com\/w:212\/h:787\/q:mauto\/f:best\/https:\/\/assolejourj.fr\/wordpress\/wp-content\/uploads\/2024\/08\/verso_marquePage.png 212w, https:\/\/mlwtlfntpdtb.i.optimole.com\/w:81\/h:300\/q:mauto\/f:best\/https:\/\/assolejourj.fr\/wordpress\/wp-content\/uploads\/2024\/08\/verso_marquePage.png 81w\" sizes=\"(max-width: 212px) 100vw, 212px\" \/><\/figure>\n<\/div><\/div>\n<\/div>\n\n\n\n<figure class=\"wp-block-image size-large\"><img data-opt-id=1325009184  fetchpriority=\"high\" decoding=\"async\" width=\"725\" height=\"1024\" src=\"https:\/\/mlwtlfntpdtb.i.optimole.com\/w:725\/h:1024\/q:mauto\/f:best\/https:\/\/assolejourj.fr\/wordpress\/wp-content\/uploads\/2024\/08\/affiche_A3_festhea.png\" alt=\"\" class=\"wp-image-743\" srcset=\"https:\/\/mlwtlfntpdtb.i.optimole.com\/w:725\/h:1024\/q:mauto\/f:best\/https:\/\/assolejourj.fr\/wordpress\/wp-content\/uploads\/2024\/08\/affiche_A3_festhea.png 725w, https:\/\/mlwtlfntpdtb.i.optimole.com\/w:212\/h:300\/q:mauto\/f:best\/https:\/\/assolejourj.fr\/wordpress\/wp-content\/uploads\/2024\/08\/affiche_A3_festhea.png 212w, https:\/\/mlwtlfntpdtb.i.optimole.com\/w:764\/h:1080\/q:mauto\/f:best\/https:\/\/assolejourj.fr\/wordpress\/wp-content\/uploads\/2024\/08\/affiche_A3_festhea.png 768w, https:\/\/mlwtlfntpdtb.i.optimole.com\/w:764\/h:1080\/q:mauto\/f:best\/https:\/\/assolejourj.fr\/wordpress\/wp-content\/uploads\/2024\/08\/affiche_A3_festhea.png 1087w, https:\/\/mlwtlfntpdtb.i.optimole.com\/w:764\/h:1080\/q:mauto\/f:best\/https:\/\/assolejourj.fr\/wordpress\/wp-content\/uploads\/2024\/08\/affiche_A3_festhea.png 1169w\" sizes=\"(max-width: 725px) 100vw, 725px\" \/><\/figure>\n\n\n\n<h2 class=\"wp-block-heading o-sticky o-sticky-scope-main-area o-sticky-pos-top o-sticky-bhvr-keep\"><span class=\"highlight\">\u00ab Dans la clairi\u00e8re \u00bb au Th\u00e9\u00e2tre de verdure de Jeannot.<\/span> <\/h2>\n\n\n\n<em><span class=\"highlight\">ce sont des \u00e9v\u00e9nements tr\u00e8s diversifi\u00e9s organis\u00e9s chaque ann\u00e9e, dans un lieu unique du d\u00e9partement au c\u0153ur du site naturel de la for\u00eat du Tertre Gris \u00e0 Panc\u00e9. Organis\u00e9 par LEJOURJ diffuseur de culture au naturel&#8230;<\/span><\/em>\n\n\n\n<div class=\"wp-block-columns is-layout-flex wp-container-core-columns-is-layout-9d6595d7 wp-block-columns-is-layout-flex\">\n<div class=\"wp-block-column is-layout-flow wp-block-column-is-layout-flow\" style=\"flex-basis:66.66%\">\n<figure class=\"wp-block-image size-full\"><img data-opt-id=160006377  data-opt-src=\"https:\/\/mlwtlfntpdtb.i.optimole.com\/w:auto\/h:auto\/q:mauto\/f:best\/https:\/\/assolejourj.fr\/wordpress\/wp-content\/uploads\/2024\/08\/qrcodehelloasso7.png\"  loading=\"lazy\" decoding=\"async\" width=\"600\" height=\"600\" src=\"data:image/svg+xml,%3Csvg%20viewBox%3D%220%200%20100%%20100%%22%20width%3D%22100%%22%20height%3D%22100%%22%20xmlns%3D%22http%3A%2F%2Fwww.w3.org%2F2000%2Fsvg%22%3E%3Crect%20width%3D%22100%%22%20height%3D%22100%%22%20fill%3D%22transparent%22%2F%3E%3C%2Fsvg%3E\" alt=\"\" class=\"wp-image-744\" old-srcset=\"https:\/\/mlwtlfntpdtb.i.optimole.com\/w:600\/h:600\/q:mauto\/f:best\/https:\/\/assolejourj.fr\/wordpress\/wp-content\/uploads\/2024\/08\/qrcodehelloasso7.png 600w, https:\/\/mlwtlfntpdtb.i.optimole.com\/w:300\/h:300\/q:mauto\/f:best\/https:\/\/assolejourj.fr\/wordpress\/wp-content\/uploads\/2024\/08\/qrcodehelloasso7.png 300w, https:\/\/mlwtlfntpdtb.i.optimole.com\/w:150\/h:150\/q:mauto\/f:best\/https:\/\/assolejourj.fr\/wordpress\/wp-content\/uploads\/2024\/08\/qrcodehelloasso7.png 150w\" \/><\/figure>\n<\/div>\n\n\n\n<div class=\"wp-block-column is-layout-flow wp-block-column-is-layout-flow\" style=\"flex-basis:33.33%\">\n<h2><br><br><br><br><br><br><br><\/h2>\n\n\n<\/div>\n<\/div>\n","protected":false},"excerpt":{"rendered":"<p>Une soir\u00e9e th\u00e9\u00e2trale et musicale, en plein-air, pour vous parler d&rsquo;Amour! \u00ab Dans la clairi\u00e8re \u00bb au Th\u00e9\u00e2tre de verdure de Jeannot.<\/p>\n","protected":false},"author":1,"featured_media":0,"comment_status":"closed","ping_status":"closed","sticky":false,"template":"elementor_header_footer","format":"standard","meta":{"pagelayer_contact_templates":[],"_pagelayer_content":"","_themeisle_gutenberg_block_has_review":false,"footnotes":""},"categories":[11,31],"tags":[41,35,39,25,14,38,16,36,37,15,40,29,13],"class_list":["post-738","post","type-post","status-publish","format-standard","hentry","category-lejourj-2024","category-evenements","tag-amour","tag-boreales","tag-cyrille-fouquer","tag-dans-la-clairiere","tag-jeannot-haguenier","tag-joel-pommerat","tag-le-jourj","tag-mano-a-mano","tag-musique","tag-pance","tag-stephane-peron","tag-theatre","tag-theatre-de-verdure"],"yoast_head":"<!-- This site is optimized with the Yoast SEO plugin v27.5 - https:\/\/yoast.com\/product\/yoast-seo-wordpress\/ -->\n<title>Dans La &quot;CLAIRI\u00c8RE&quot; le 7 Septembre - Report\u00e9 le 19 Avril 2025 !! - Association le Jour J.<\/title>\n<meta name=\"robots\" content=\"index, follow, max-snippet:-1, max-image-preview:large, max-video-preview:-1\" \/>\n<link rel=\"canonical\" href=\"https:\/\/assolejourj.fr\/wordpress\/dans-la-clairiere-le-7-septembre-a-pance\/16\/08\/2024\/\" \/>\n<meta property=\"og:locale\" content=\"fr_FR\" \/>\n<meta property=\"og:type\" content=\"article\" \/>\n<meta property=\"og:title\" content=\"Dans La &quot;CLAIRI\u00c8RE&quot; le 7 Septembre - Report\u00e9 le 19 Avril 2025 !! - Association le Jour J.\" \/>\n<meta property=\"og:description\" content=\"Une soir\u00e9e th\u00e9\u00e2trale et musicale, en plein-air, pour vous parler d&rsquo;Amour! \u00ab Dans la clairi\u00e8re \u00bb au Th\u00e9\u00e2tre de verdure de Jeannot.\" \/>\n<meta property=\"og:url\" content=\"https:\/\/assolejourj.fr\/wordpress\/dans-la-clairiere-le-7-septembre-a-pance\/16\/08\/2024\/\" \/>\n<meta property=\"og:site_name\" content=\"Association le Jour J.\" \/>\n<meta property=\"article:publisher\" content=\"https:\/\/www.facebook.com\/AssoLeJourJ\/?locale=fr_FR\" \/>\n<meta property=\"article:published_time\" content=\"2024-08-16T16:28:17+00:00\" \/>\n<meta property=\"article:modified_time\" content=\"2025-06-02T23:40:46+00:00\" \/>\n<meta property=\"og:image\" content=\"https:\/\/mlwtlfntpdtb.i.optimole.com\/w:auto\/h:auto\/q:mauto\/f:best\/https:\/\/assolejourj.fr\/wordpress\/wp-content\/uploads\/2024\/08\/recto_MarquePage.png\" \/>\n\t<meta property=\"og:image:width\" content=\"787\" \/>\n\t<meta property=\"og:image:height\" content=\"212\" \/>\n\t<meta property=\"og:image:type\" content=\"image\/png\" \/>\n<meta name=\"author\" content=\"admin\" \/>\n<meta name=\"twitter:card\" content=\"summary_large_image\" \/>\n<meta name=\"twitter:creator\" content=\"@AssoLeJourJ\" \/>\n<meta name=\"twitter:site\" content=\"@AssoLeJourJ\" \/>\n<meta name=\"twitter:label1\" content=\"\u00c9crit par\" \/>\n\t<meta name=\"twitter:data1\" content=\"admin\" \/>\n\t<meta name=\"twitter:label2\" content=\"Dur\u00e9e de lecture estim\u00e9e\" \/>\n\t<meta name=\"twitter:data2\" content=\"3 minutes\" \/>\n<script type=\"application\/ld+json\" class=\"yoast-schema-graph\">{\"@context\":\"https:\\\/\\\/schema.org\",\"@graph\":[{\"@type\":\"Article\",\"@id\":\"https:\\\/\\\/assolejourj.fr\\\/wordpress\\\/dans-la-clairiere-le-7-septembre-a-pance\\\/16\\\/08\\\/2024\\\/#article\",\"isPartOf\":{\"@id\":\"https:\\\/\\\/assolejourj.fr\\\/wordpress\\\/dans-la-clairiere-le-7-septembre-a-pance\\\/16\\\/08\\\/2024\\\/\"},\"author\":{\"name\":\"admin\",\"@id\":\"https:\\\/\\\/assolejourj.fr\\\/wordpress\\\/#\\\/schema\\\/person\\\/6c4d9c007cbf2db62d8a7e206fb29099\"},\"headline\":\"Dans La \u00ab\u00a0CLAIRI\u00c8RE\u00a0\u00bb le 7 Septembre &#8211; Report\u00e9 le 19 Avril 2025 !!\",\"datePublished\":\"2024-08-16T16:28:17+00:00\",\"dateModified\":\"2025-06-02T23:40:46+00:00\",\"mainEntityOfPage\":{\"@id\":\"https:\\\/\\\/assolejourj.fr\\\/wordpress\\\/dans-la-clairiere-le-7-septembre-a-pance\\\/16\\\/08\\\/2024\\\/\"},\"wordCount\":304,\"publisher\":{\"@id\":\"https:\\\/\\\/assolejourj.fr\\\/wordpress\\\/#organization\"},\"image\":{\"@id\":\"https:\\\/\\\/assolejourj.fr\\\/wordpress\\\/dans-la-clairiere-le-7-septembre-a-pance\\\/16\\\/08\\\/2024\\\/#primaryimage\"},\"thumbnailUrl\":\"https:\\/\\/assolejourj.fr\\/wordpress\\/wp-content\\/uploads\\/2024\\/08\\/recto_MarquePage.png\",\"keywords\":[\"Amour\",\"Bor\u00e9ale's\",\"Cyrille Fouquer\",\"dans la clairi\u00e8re\",\"Jeannot Haguenier\",\"Joel Pommerat\",\"Le JourJ\",\"Mano a Mano\",\"musique\",\"Panc\u00e9\",\"St\u00e9phane P\u00e9ron\",\"Th\u00e9\u00e2tre\",\"Th\u00e9\u00e2tre de verdure\"],\"articleSection\":[\"2024\",\"Les Evenements\"],\"inLanguage\":\"fr-FR\"},{\"@type\":\"WebPage\",\"@id\":\"https:\\\/\\\/assolejourj.fr\\\/wordpress\\\/dans-la-clairiere-le-7-septembre-a-pance\\\/16\\\/08\\\/2024\\\/\",\"url\":\"https:\\\/\\\/assolejourj.fr\\\/wordpress\\\/dans-la-clairiere-le-7-septembre-a-pance\\\/16\\\/08\\\/2024\\\/\",\"name\":\"Dans La \\\"CLAIRI\u00c8RE\\\" le 7 Septembre - Report\u00e9 le 19 Avril 2025 !! - Association le Jour J.\",\"isPartOf\":{\"@id\":\"https:\\\/\\\/assolejourj.fr\\\/wordpress\\\/#website\"},\"primaryImageOfPage\":{\"@id\":\"https:\\\/\\\/assolejourj.fr\\\/wordpress\\\/dans-la-clairiere-le-7-septembre-a-pance\\\/16\\\/08\\\/2024\\\/#primaryimage\"},\"image\":{\"@id\":\"https:\\\/\\\/assolejourj.fr\\\/wordpress\\\/dans-la-clairiere-le-7-septembre-a-pance\\\/16\\\/08\\\/2024\\\/#primaryimage\"},\"thumbnailUrl\":\"https:\\/\\/assolejourj.fr\\/wordpress\\/wp-content\\/uploads\\/2024\\/08\\/recto_MarquePage.png\",\"datePublished\":\"2024-08-16T16:28:17+00:00\",\"dateModified\":\"2025-06-02T23:40:46+00:00\",\"breadcrumb\":{\"@id\":\"https:\\\/\\\/assolejourj.fr\\\/wordpress\\\/dans-la-clairiere-le-7-septembre-a-pance\\\/16\\\/08\\\/2024\\\/#breadcrumb\"},\"inLanguage\":\"fr-FR\",\"potentialAction\":[{\"@type\":\"ReadAction\",\"target\":[\"https:\\\/\\\/assolejourj.fr\\\/wordpress\\\/dans-la-clairiere-le-7-septembre-a-pance\\\/16\\\/08\\\/2024\\\/\"]}]},{\"@type\":\"ImageObject\",\"inLanguage\":\"fr-FR\",\"@id\":\"https:\\\/\\\/assolejourj.fr\\\/wordpress\\\/dans-la-clairiere-le-7-septembre-a-pance\\\/16\\\/08\\\/2024\\\/#primaryimage\",\"url\":\"https:\\/\\/assolejourj.fr\\/wordpress\\/wp-content\\/uploads\\/2024\\/08\\/recto_MarquePage.png\",\"contentUrl\":\"https:\\/\\/assolejourj.fr\\/wordpress\\/wp-content\\/uploads\\/2024\\/08\\/recto_MarquePage.png\",\"width\":787,\"height\":212},{\"@type\":\"BreadcrumbList\",\"@id\":\"https:\\\/\\\/assolejourj.fr\\\/wordpress\\\/dans-la-clairiere-le-7-septembre-a-pance\\\/16\\\/08\\\/2024\\\/#breadcrumb\",\"itemListElement\":[{\"@type\":\"ListItem\",\"position\":1,\"name\":\"Accueil\",\"item\":\"https:\\\/\\\/assolejourj.fr\\\/wordpress\\\/\"},{\"@type\":\"ListItem\",\"position\":2,\"name\":\"Dans La \u00ab\u00a0CLAIRI\u00c8RE\u00a0\u00bb le 7 Septembre &#8211; Report\u00e9 le 19 Avril 2025 !!\"}]},{\"@type\":\"WebSite\",\"@id\":\"https:\\\/\\\/assolejourj.fr\\\/wordpress\\\/#website\",\"url\":\"https:\\\/\\\/assolejourj.fr\\\/wordpress\\\/\",\"name\":\"Association le Jour J\",\"description\":\"Diffuseur de culture rafra\u00eechissante\",\"publisher\":{\"@id\":\"https:\\\/\\\/assolejourj.fr\\\/wordpress\\\/#organization\"},\"potentialAction\":[{\"@type\":\"SearchAction\",\"target\":{\"@type\":\"EntryPoint\",\"urlTemplate\":\"https:\\\/\\\/assolejourj.fr\\\/wordpress\\\/?s={search_term_string}\"},\"query-input\":{\"@type\":\"PropertyValueSpecification\",\"valueRequired\":true,\"valueName\":\"search_term_string\"}}],\"inLanguage\":\"fr-FR\"},{\"@type\":\"Organization\",\"@id\":\"https:\\\/\\\/assolejourj.fr\\\/wordpress\\\/#organization\",\"name\":\"Association le Jour J\",\"url\":\"https:\\\/\\\/assolejourj.fr\\\/wordpress\\\/\",\"logo\":{\"@type\":\"ImageObject\",\"inLanguage\":\"fr-FR\",\"@id\":\"https:\\\/\\\/assolejourj.fr\\\/wordpress\\\/#\\\/schema\\\/logo\\\/image\\\/\",\"url\":\"https:\\/\\/assolejourj.fr\\/wordpress\\/wp-content\\/uploads\\/2023\\/02\\/Logo-1.jpg\",\"contentUrl\":\"https:\\/\\/assolejourj.fr\\/wordpress\\/wp-content\\/uploads\\/2023\\/02\\/Logo-1.jpg\",\"width\":320,\"height\":319,\"caption\":\"Association le Jour J\"},\"image\":{\"@id\":\"https:\\\/\\\/assolejourj.fr\\\/wordpress\\\/#\\\/schema\\\/logo\\\/image\\\/\"},\"sameAs\":[\"https:\\\/\\\/www.facebook.com\\\/AssoLeJourJ\\\/?locale=fr_FR\",\"https:\\\/\\\/x.com\\\/AssoLeJourJ\",\"https:\\\/\\\/www.instagram.com\\\/lejourjasso\\\/\"]},{\"@type\":\"Person\",\"@id\":\"https:\\\/\\\/assolejourj.fr\\\/wordpress\\\/#\\\/schema\\\/person\\\/6c4d9c007cbf2db62d8a7e206fb29099\",\"name\":\"admin\",\"image\":{\"@type\":\"ImageObject\",\"inLanguage\":\"fr-FR\",\"@id\":\"https:\\\/\\\/secure.gravatar.com\\\/avatar\\\/fd5fc797398bc466c693f299ae1ff27f9b9c36aa30580e8aecc7c8d7b89d29cc?s=96&d=mm&r=g\",\"url\":\"https:\\\/\\\/secure.gravatar.com\\\/avatar\\\/fd5fc797398bc466c693f299ae1ff27f9b9c36aa30580e8aecc7c8d7b89d29cc?s=96&d=mm&r=g\",\"contentUrl\":\"https:\\\/\\\/secure.gravatar.com\\\/avatar\\\/fd5fc797398bc466c693f299ae1ff27f9b9c36aa30580e8aecc7c8d7b89d29cc?s=96&d=mm&r=g\",\"caption\":\"admin\"},\"sameAs\":[\"https:\\\/\\\/assolejourj.fr\\\/wordpress\"],\"url\":\"https:\\\/\\\/assolejourj.fr\\\/wordpress\\\/author\\\/adminlejourj1\\\/\"}]}<\/script>\n<!-- \/ Yoast SEO plugin. -->","yoast_head_json":{"title":"Dans La \"CLAIRI\u00c8RE\" le 7 Septembre - Report\u00e9 le 19 Avril 2025 !! - Association le Jour J.","robots":{"index":"index","follow":"follow","max-snippet":"max-snippet:-1","max-image-preview":"max-image-preview:large","max-video-preview":"max-video-preview:-1"},"canonical":"https:\/\/assolejourj.fr\/wordpress\/dans-la-clairiere-le-7-septembre-a-pance\/16\/08\/2024\/","og_locale":"fr_FR","og_type":"article","og_title":"Dans La \"CLAIRI\u00c8RE\" le 7 Septembre - Report\u00e9 le 19 Avril 2025 !! - Association le Jour J.","og_description":"Une soir\u00e9e th\u00e9\u00e2trale et musicale, en plein-air, pour vous parler d&rsquo;Amour! \u00ab Dans la clairi\u00e8re \u00bb au Th\u00e9\u00e2tre de verdure de Jeannot.","og_url":"https:\/\/assolejourj.fr\/wordpress\/dans-la-clairiere-le-7-septembre-a-pance\/16\/08\/2024\/","og_site_name":"Association le Jour J.","article_publisher":"https:\/\/www.facebook.com\/AssoLeJourJ\/?locale=fr_FR","article_published_time":"2024-08-16T16:28:17+00:00","article_modified_time":"2025-06-02T23:40:46+00:00","og_image":[{"width":787,"height":212,"url":"https:\/\/mlwtlfntpdtb.i.optimole.com\/w:auto\/h:auto\/q:mauto\/f:best\/https:\/\/assolejourj.fr\/wordpress\/wp-content\/uploads\/2024\/08\/recto_MarquePage.png","type":"image\/png"}],"author":"admin","twitter_card":"summary_large_image","twitter_creator":"@AssoLeJourJ","twitter_site":"@AssoLeJourJ","twitter_misc":{"\u00c9crit par":"admin","Dur\u00e9e de lecture estim\u00e9e":"3 minutes"},"schema":{"@context":"https:\/\/schema.org","@graph":[{"@type":"Article","@id":"https:\/\/assolejourj.fr\/wordpress\/dans-la-clairiere-le-7-septembre-a-pance\/16\/08\/2024\/#article","isPartOf":{"@id":"https:\/\/assolejourj.fr\/wordpress\/dans-la-clairiere-le-7-septembre-a-pance\/16\/08\/2024\/"},"author":{"name":"admin","@id":"https:\/\/assolejourj.fr\/wordpress\/#\/schema\/person\/6c4d9c007cbf2db62d8a7e206fb29099"},"headline":"Dans La \u00ab\u00a0CLAIRI\u00c8RE\u00a0\u00bb le 7 Septembre &#8211; Report\u00e9 le 19 Avril 2025 !!","datePublished":"2024-08-16T16:28:17+00:00","dateModified":"2025-06-02T23:40:46+00:00","mainEntityOfPage":{"@id":"https:\/\/assolejourj.fr\/wordpress\/dans-la-clairiere-le-7-septembre-a-pance\/16\/08\/2024\/"},"wordCount":304,"publisher":{"@id":"https:\/\/assolejourj.fr\/wordpress\/#organization"},"image":{"@id":"https:\/\/assolejourj.fr\/wordpress\/dans-la-clairiere-le-7-septembre-a-pance\/16\/08\/2024\/#primaryimage"},"thumbnailUrl":"https:\/\/mlwtlfntpdtb.i.optimole.com\/w:auto\/h:auto\/q:mauto\/f:best\/https:\/\/assolejourj.fr\/wordpress\/wp-content\/uploads\/2024\/08\/recto_MarquePage.png","keywords":["Amour","Bor\u00e9ale's","Cyrille Fouquer","dans la clairi\u00e8re","Jeannot Haguenier","Joel Pommerat","Le JourJ","Mano a Mano","musique","Panc\u00e9","St\u00e9phane P\u00e9ron","Th\u00e9\u00e2tre","Th\u00e9\u00e2tre de verdure"],"articleSection":["2024","Les Evenements"],"inLanguage":"fr-FR"},{"@type":"WebPage","@id":"https:\/\/assolejourj.fr\/wordpress\/dans-la-clairiere-le-7-septembre-a-pance\/16\/08\/2024\/","url":"https:\/\/assolejourj.fr\/wordpress\/dans-la-clairiere-le-7-septembre-a-pance\/16\/08\/2024\/","name":"Dans La \"CLAIRI\u00c8RE\" le 7 Septembre - Report\u00e9 le 19 Avril 2025 !! - Association le Jour J.","isPartOf":{"@id":"https:\/\/assolejourj.fr\/wordpress\/#website"},"primaryImageOfPage":{"@id":"https:\/\/assolejourj.fr\/wordpress\/dans-la-clairiere-le-7-septembre-a-pance\/16\/08\/2024\/#primaryimage"},"image":{"@id":"https:\/\/assolejourj.fr\/wordpress\/dans-la-clairiere-le-7-septembre-a-pance\/16\/08\/2024\/#primaryimage"},"thumbnailUrl":"https:\/\/mlwtlfntpdtb.i.optimole.com\/w:auto\/h:auto\/q:mauto\/f:best\/https:\/\/assolejourj.fr\/wordpress\/wp-content\/uploads\/2024\/08\/recto_MarquePage.png","datePublished":"2024-08-16T16:28:17+00:00","dateModified":"2025-06-02T23:40:46+00:00","breadcrumb":{"@id":"https:\/\/assolejourj.fr\/wordpress\/dans-la-clairiere-le-7-septembre-a-pance\/16\/08\/2024\/#breadcrumb"},"inLanguage":"fr-FR","potentialAction":[{"@type":"ReadAction","target":["https:\/\/assolejourj.fr\/wordpress\/dans-la-clairiere-le-7-septembre-a-pance\/16\/08\/2024\/"]}]},{"@type":"ImageObject","inLanguage":"fr-FR","@id":"https:\/\/assolejourj.fr\/wordpress\/dans-la-clairiere-le-7-septembre-a-pance\/16\/08\/2024\/#primaryimage","url":"https:\/\/mlwtlfntpdtb.i.optimole.com\/w:auto\/h:auto\/q:mauto\/f:best\/https:\/\/assolejourj.fr\/wordpress\/wp-content\/uploads\/2024\/08\/recto_MarquePage.png","contentUrl":"https:\/\/mlwtlfntpdtb.i.optimole.com\/w:auto\/h:auto\/q:mauto\/f:best\/https:\/\/assolejourj.fr\/wordpress\/wp-content\/uploads\/2024\/08\/recto_MarquePage.png","width":787,"height":212},{"@type":"BreadcrumbList","@id":"https:\/\/assolejourj.fr\/wordpress\/dans-la-clairiere-le-7-septembre-a-pance\/16\/08\/2024\/#breadcrumb","itemListElement":[{"@type":"ListItem","position":1,"name":"Accueil","item":"https:\/\/assolejourj.fr\/wordpress\/"},{"@type":"ListItem","position":2,"name":"Dans La \u00ab\u00a0CLAIRI\u00c8RE\u00a0\u00bb le 7 Septembre &#8211; Report\u00e9 le 19 Avril 2025 !!"}]},{"@type":"WebSite","@id":"https:\/\/assolejourj.fr\/wordpress\/#website","url":"https:\/\/assolejourj.fr\/wordpress\/","name":"Association le Jour J","description":"Diffuseur de culture rafra\u00eechissante","publisher":{"@id":"https:\/\/assolejourj.fr\/wordpress\/#organization"},"potentialAction":[{"@type":"SearchAction","target":{"@type":"EntryPoint","urlTemplate":"https:\/\/assolejourj.fr\/wordpress\/?s={search_term_string}"},"query-input":{"@type":"PropertyValueSpecification","valueRequired":true,"valueName":"search_term_string"}}],"inLanguage":"fr-FR"},{"@type":"Organization","@id":"https:\/\/assolejourj.fr\/wordpress\/#organization","name":"Association le Jour J","url":"https:\/\/assolejourj.fr\/wordpress\/","logo":{"@type":"ImageObject","inLanguage":"fr-FR","@id":"https:\/\/assolejourj.fr\/wordpress\/#\/schema\/logo\/image\/","url":"https:\/\/mlwtlfntpdtb.i.optimole.com\/w:auto\/h:auto\/q:mauto\/f:best\/https:\/\/assolejourj.fr\/wordpress\/wp-content\/uploads\/2023\/02\/Logo-1.jpg","contentUrl":"https:\/\/mlwtlfntpdtb.i.optimole.com\/w:auto\/h:auto\/q:mauto\/f:best\/https:\/\/assolejourj.fr\/wordpress\/wp-content\/uploads\/2023\/02\/Logo-1.jpg","width":320,"height":319,"caption":"Association le Jour J"},"image":{"@id":"https:\/\/assolejourj.fr\/wordpress\/#\/schema\/logo\/image\/"},"sameAs":["https:\/\/www.facebook.com\/AssoLeJourJ\/?locale=fr_FR","https:\/\/x.com\/AssoLeJourJ","https:\/\/www.instagram.com\/lejourjasso\/"]},{"@type":"Person","@id":"https:\/\/assolejourj.fr\/wordpress\/#\/schema\/person\/6c4d9c007cbf2db62d8a7e206fb29099","name":"admin","image":{"@type":"ImageObject","inLanguage":"fr-FR","@id":"https:\/\/secure.gravatar.com\/avatar\/fd5fc797398bc466c693f299ae1ff27f9b9c36aa30580e8aecc7c8d7b89d29cc?s=96&d=mm&r=g","url":"https:\/\/secure.gravatar.com\/avatar\/fd5fc797398bc466c693f299ae1ff27f9b9c36aa30580e8aecc7c8d7b89d29cc?s=96&d=mm&r=g","contentUrl":"https:\/\/secure.gravatar.com\/avatar\/fd5fc797398bc466c693f299ae1ff27f9b9c36aa30580e8aecc7c8d7b89d29cc?s=96&d=mm&r=g","caption":"admin"},"sameAs":["https:\/\/assolejourj.fr\/wordpress"],"url":"https:\/\/assolejourj.fr\/wordpress\/author\/adminlejourj1\/"}]}},"_links":{"self":[{"href":"https:\/\/assolejourj.fr\/wordpress\/wp-json\/wp\/v2\/posts\/738","targetHints":{"allow":["GET"]}}],"collection":[{"href":"https:\/\/assolejourj.fr\/wordpress\/wp-json\/wp\/v2\/posts"}],"about":[{"href":"https:\/\/assolejourj.fr\/wordpress\/wp-json\/wp\/v2\/types\/post"}],"author":[{"embeddable":true,"href":"https:\/\/assolejourj.fr\/wordpress\/wp-json\/wp\/v2\/users\/1"}],"replies":[{"embeddable":true,"href":"https:\/\/assolejourj.fr\/wordpress\/wp-json\/wp\/v2\/comments?post=738"}],"version-history":[{"count":9,"href":"https:\/\/assolejourj.fr\/wordpress\/wp-json\/wp\/v2\/posts\/738\/revisions"}],"predecessor-version":[{"id":903,"href":"https:\/\/assolejourj.fr\/wordpress\/wp-json\/wp\/v2\/posts\/738\/revisions\/903"}],"wp:attachment":[{"href":"https:\/\/assolejourj.fr\/wordpress\/wp-json\/wp\/v2\/media?parent=738"}],"wp:term":[{"taxonomy":"category","embeddable":true,"href":"https:\/\/assolejourj.fr\/wordpress\/wp-json\/wp\/v2\/categories?post=738"},{"taxonomy":"post_tag","embeddable":true,"href":"https:\/\/assolejourj.fr\/wordpress\/wp-json\/wp\/v2\/tags?post=738"}],"curies":[{"name":"wp","href":"https:\/\/api.w.org\/{rel}","templated":true}]}}