{"id":859,"date":"2025-05-21T00:47:14","date_gmt":"2025-05-20T22:47:14","guid":{"rendered":"https:\/\/assolejourj.fr\/wordpress\/?p=859"},"modified":"2025-12-18T01:41:27","modified_gmt":"2025-12-18T00:41:27","slug":"dans-la-clairiere-le-7-juin-2025-a-pance-35","status":"publish","type":"post","link":"https:\/\/assolejourj.fr\/wordpress\/dans-la-clairiere-le-7-juin-2025-a-pance-35\/21\/05\/2025\/","title":{"rendered":"Dans La \u00ab\u00a0CLAIRI\u00c8RE\u00a0\u00bb le 7 Juin 2025 \u00e0 Panc\u00e9 (35)"},"content":{"rendered":"\n\n\n<h2>Concert avec MATJ\u00c9 et La Famille Walili<\/h2>\n\n\n\n<details class=\"wp-block-details is-layout-flow wp-block-details-is-layout-flow\"><summary><br><strong>PAS \u00e0 PAS<\/strong><br><strong>Conte nomade<\/strong><br><strong>pr\u00e9sent\u00e9 par la Famille Walili<\/strong><br>Pas \u00e0 Pas, c\u2019est un conte nomade et musical, une invitation au voyage, une promesse d\u2019errance\u2026<br>Deux com\u00e9dien\u00b7ne\u00b7s partent \u00e0 la recherche de nouvelles sonorit\u00e9s,<br>sur des terres pleines de sensibilit\u00e9,<br>avec comme simple bagage\u2026<br>un accord\u00e9on.<br><br><br><br><strong>MATJE<\/strong><br><strong>Une musique et des chansons m\u00e9tiss\u00e9es<\/strong><br>Matj\u00e9 signifie \u00ab\u00a0\u00e9crire\u00a0\u00bb en cr\u00e9ole.<br>Matj\u00e9, c\u2019est une plume po\u00e9tique pos\u00e9e sur une musique chaleureuse et entra\u00eenante, aux influences afro-latines.<br>Matj\u00e9, ce sont des r\u00eaves, des voyages, qui m\u00e9tissent ses chansons de souvenirs du Br\u00e9sil, des Antilles, de Madagascar, du Cap Vert, de la R\u00e9union\u2026.<br>Matj\u00e9, c\u2019est un ancrage dans la chanson fran\u00e7aise, et une envie de se laisser porter par des courants musicaux vari\u00e9s venus de l\u2019\u00e9tranger ou d\u2019une France aux multiples cultures<br>Matj\u00e9 et ses musiciens rappellent que la musique est avant tout un partage\u2026<\/summary>\n\n\n<figure class=\"wp-block-image size-large\"><img data-opt-id=1054744634  fetchpriority=\"high\" decoding=\"async\" width=\"724\" height=\"1024\" src=\"https:\/\/mlwtlfntpdtb.i.optimole.com\/w:724\/h:1024\/q:mauto\/f:best\/https:\/\/assolejourj.fr\/wordpress\/wp-content\/uploads\/2025\/05\/2025-7juin-affiche.jpg\" alt=\"L'Affiche\" class=\"wp-image-854\" srcset=\"https:\/\/mlwtlfntpdtb.i.optimole.com\/w:724\/h:1024\/q:mauto\/f:best\/https:\/\/assolejourj.fr\/wordpress\/wp-content\/uploads\/2025\/05\/2025-7juin-affiche.jpg 724w, https:\/\/mlwtlfntpdtb.i.optimole.com\/w:212\/h:300\/q:mauto\/f:best\/https:\/\/assolejourj.fr\/wordpress\/wp-content\/uploads\/2025\/05\/2025-7juin-affiche.jpg 212w, https:\/\/mlwtlfntpdtb.i.optimole.com\/w:763\/h:1080\/q:mauto\/f:best\/https:\/\/assolejourj.fr\/wordpress\/wp-content\/uploads\/2025\/05\/2025-7juin-affiche.jpg 768w, https:\/\/mlwtlfntpdtb.i.optimole.com\/w:762\/h:1080\/q:mauto\/f:best\/https:\/\/assolejourj.fr\/wordpress\/wp-content\/uploads\/2025\/05\/2025-7juin-affiche.jpg 1085w, https:\/\/mlwtlfntpdtb.i.optimole.com\/w:763\/h:1080\/q:mauto\/f:best\/https:\/\/assolejourj.fr\/wordpress\/wp-content\/uploads\/2025\/05\/2025-7juin-affiche.jpg 1320w, https:\/\/mlwtlfntpdtb.i.optimole.com\/w:763\/h:1080\/q:mauto\/f:best\/https:\/\/assolejourj.fr\/wordpress\/wp-content\/uploads\/2025\/05\/2025-7juin-affiche.jpg 1447w\" sizes=\"(max-width: 724px) 100vw, 724px\" \/><\/figure>\n<\/details>\n","protected":false},"excerpt":{"rendered":"","protected":false},"author":1,"featured_media":0,"comment_status":"closed","ping_status":"closed","sticky":false,"template":"","format":"standard","meta":{"pagelayer_contact_templates":[],"_pagelayer_content":"","_themeisle_gutenberg_block_has_review":false,"footnotes":""},"categories":[42,33,31],"tags":[48,46,25,14,44,49,16,43,37,50,15,45,47,13],"class_list":["post-859","post","type-post","status-publish","format-standard","hentry","category-42","category-actualites","category-evenements","tag-afro","tag-concert","tag-dans-la-clairiere","tag-jeannot-haguenier","tag-la-famille-walili","tag-latino","tag-le-jourj","tag-matje","tag-musique","tag-nomade","tag-pance","tag-pas-a-pas","tag-plein-air","tag-theatre-de-verdure"],"yoast_head":"<!-- This site is optimized with the Yoast SEO plugin v27.5 - https:\/\/yoast.com\/product\/yoast-seo-wordpress\/ -->\n<title>Dans La &quot;CLAIRI\u00c8RE&quot; le 7 Juin 2025 \u00e0 Panc\u00e9 (35) - Association le Jour J.<\/title>\n<meta name=\"robots\" content=\"index, follow, max-snippet:-1, max-image-preview:large, max-video-preview:-1\" \/>\n<link rel=\"canonical\" href=\"https:\/\/assolejourj.fr\/wordpress\/dans-la-clairiere-le-7-juin-2025-a-pance-35\/21\/05\/2025\/\" \/>\n<meta property=\"og:locale\" content=\"fr_FR\" \/>\n<meta property=\"og:type\" content=\"article\" \/>\n<meta property=\"og:title\" content=\"Dans La &quot;CLAIRI\u00c8RE&quot; le 7 Juin 2025 \u00e0 Panc\u00e9 (35) - Association le Jour J.\" \/>\n<meta property=\"og:url\" content=\"https:\/\/assolejourj.fr\/wordpress\/dans-la-clairiere-le-7-juin-2025-a-pance-35\/21\/05\/2025\/\" \/>\n<meta property=\"og:site_name\" content=\"Association le Jour J.\" \/>\n<meta property=\"article:publisher\" content=\"https:\/\/www.facebook.com\/AssoLeJourJ\/?locale=fr_FR\" \/>\n<meta property=\"article:published_time\" content=\"2025-05-20T22:47:14+00:00\" \/>\n<meta property=\"article:modified_time\" content=\"2025-12-18T00:41:27+00:00\" \/>\n<meta property=\"og:image\" content=\"https:\/\/mlwtlfntpdtb.i.optimole.com\/w:auto\/h:auto\/q:mauto\/f:best\/https:\/\/assolejourj.fr\/wordpress\/wp-content\/uploads\/2025\/05\/2025-7juin-affiche.jpg\" \/>\n\t<meta property=\"og:image:width\" content=\"1447\" \/>\n\t<meta property=\"og:image:height\" content=\"2048\" \/>\n\t<meta property=\"og:image:type\" content=\"image\/jpeg\" \/>\n<meta name=\"author\" content=\"admin\" \/>\n<meta name=\"twitter:card\" content=\"summary_large_image\" \/>\n<meta name=\"twitter:creator\" content=\"@AssoLeJourJ\" \/>\n<meta name=\"twitter:site\" content=\"@AssoLeJourJ\" \/>\n<meta name=\"twitter:label1\" content=\"\u00c9crit par\" \/>\n\t<meta name=\"twitter:data1\" content=\"admin\" \/>\n\t<meta name=\"twitter:label2\" content=\"Dur\u00e9e de lecture estim\u00e9e\" \/>\n\t<meta name=\"twitter:data2\" content=\"1 minute\" \/>\n<script type=\"application\/ld+json\" class=\"yoast-schema-graph\">{\"@context\":\"https:\\\/\\\/schema.org\",\"@graph\":[{\"@type\":\"Article\",\"@id\":\"https:\\\/\\\/assolejourj.fr\\\/wordpress\\\/dans-la-clairiere-le-7-juin-2025-a-pance-35\\\/21\\\/05\\\/2025\\\/#article\",\"isPartOf\":{\"@id\":\"https:\\\/\\\/assolejourj.fr\\\/wordpress\\\/dans-la-clairiere-le-7-juin-2025-a-pance-35\\\/21\\\/05\\\/2025\\\/\"},\"author\":{\"name\":\"admin\",\"@id\":\"https:\\\/\\\/assolejourj.fr\\\/wordpress\\\/#\\\/schema\\\/person\\\/6c4d9c007cbf2db62d8a7e206fb29099\"},\"headline\":\"Dans La \u00ab\u00a0CLAIRI\u00c8RE\u00a0\u00bb le 7 Juin 2025 \u00e0 Panc\u00e9 (35)\",\"datePublished\":\"2025-05-20T22:47:14+00:00\",\"dateModified\":\"2025-12-18T00:41:27+00:00\",\"mainEntityOfPage\":{\"@id\":\"https:\\\/\\\/assolejourj.fr\\\/wordpress\\\/dans-la-clairiere-le-7-juin-2025-a-pance-35\\\/21\\\/05\\\/2025\\\/\"},\"wordCount\":175,\"publisher\":{\"@id\":\"https:\\\/\\\/assolejourj.fr\\\/wordpress\\\/#organization\"},\"image\":{\"@id\":\"https:\\\/\\\/assolejourj.fr\\\/wordpress\\\/dans-la-clairiere-le-7-juin-2025-a-pance-35\\\/21\\\/05\\\/2025\\\/#primaryimage\"},\"thumbnailUrl\":\"https:\\/\\/assolejourj.fr\\/wordpress\\/wp-content\\/uploads\\/2025\\/05\\/2025-7juin-affiche-724x1024.jpg\",\"keywords\":[\"afro\",\"concert\",\"dans la clairi\u00e8re\",\"Jeannot Haguenier\",\"La famille Walili\",\"latino\",\"Le JourJ\",\"Matj\u00e9\",\"musique\",\"nomade\",\"Panc\u00e9\",\"pas \u00e0 pas\",\"plein-air\",\"Th\u00e9\u00e2tre de verdure\"],\"articleSection\":[\"2025\",\"Les Actualit\u00e9s\",\"Les Evenements\"],\"inLanguage\":\"fr-FR\"},{\"@type\":\"WebPage\",\"@id\":\"https:\\\/\\\/assolejourj.fr\\\/wordpress\\\/dans-la-clairiere-le-7-juin-2025-a-pance-35\\\/21\\\/05\\\/2025\\\/\",\"url\":\"https:\\\/\\\/assolejourj.fr\\\/wordpress\\\/dans-la-clairiere-le-7-juin-2025-a-pance-35\\\/21\\\/05\\\/2025\\\/\",\"name\":\"Dans La \\\"CLAIRI\u00c8RE\\\" le 7 Juin 2025 \u00e0 Panc\u00e9 (35) - Association le Jour J.\",\"isPartOf\":{\"@id\":\"https:\\\/\\\/assolejourj.fr\\\/wordpress\\\/#website\"},\"primaryImageOfPage\":{\"@id\":\"https:\\\/\\\/assolejourj.fr\\\/wordpress\\\/dans-la-clairiere-le-7-juin-2025-a-pance-35\\\/21\\\/05\\\/2025\\\/#primaryimage\"},\"image\":{\"@id\":\"https:\\\/\\\/assolejourj.fr\\\/wordpress\\\/dans-la-clairiere-le-7-juin-2025-a-pance-35\\\/21\\\/05\\\/2025\\\/#primaryimage\"},\"thumbnailUrl\":\"https:\\/\\/assolejourj.fr\\/wordpress\\/wp-content\\/uploads\\/2025\\/05\\/2025-7juin-affiche-724x1024.jpg\",\"datePublished\":\"2025-05-20T22:47:14+00:00\",\"dateModified\":\"2025-12-18T00:41:27+00:00\",\"breadcrumb\":{\"@id\":\"https:\\\/\\\/assolejourj.fr\\\/wordpress\\\/dans-la-clairiere-le-7-juin-2025-a-pance-35\\\/21\\\/05\\\/2025\\\/#breadcrumb\"},\"inLanguage\":\"fr-FR\",\"potentialAction\":[{\"@type\":\"ReadAction\",\"target\":[\"https:\\\/\\\/assolejourj.fr\\\/wordpress\\\/dans-la-clairiere-le-7-juin-2025-a-pance-35\\\/21\\\/05\\\/2025\\\/\"]}]},{\"@type\":\"ImageObject\",\"inLanguage\":\"fr-FR\",\"@id\":\"https:\\\/\\\/assolejourj.fr\\\/wordpress\\\/dans-la-clairiere-le-7-juin-2025-a-pance-35\\\/21\\\/05\\\/2025\\\/#primaryimage\",\"url\":\"https:\\/\\/assolejourj.fr\\/wordpress\\/wp-content\\/uploads\\/2025\\/05\\/2025-7juin-affiche.jpg\",\"contentUrl\":\"https:\\/\\/assolejourj.fr\\/wordpress\\/wp-content\\/uploads\\/2025\\/05\\/2025-7juin-affiche.jpg\",\"width\":1447,\"height\":2048,\"caption\":\"L'Affiche\"},{\"@type\":\"BreadcrumbList\",\"@id\":\"https:\\\/\\\/assolejourj.fr\\\/wordpress\\\/dans-la-clairiere-le-7-juin-2025-a-pance-35\\\/21\\\/05\\\/2025\\\/#breadcrumb\",\"itemListElement\":[{\"@type\":\"ListItem\",\"position\":1,\"name\":\"Accueil\",\"item\":\"https:\\\/\\\/assolejourj.fr\\\/wordpress\\\/\"},{\"@type\":\"ListItem\",\"position\":2,\"name\":\"Dans La \u00ab\u00a0CLAIRI\u00c8RE\u00a0\u00bb le 7 Juin 2025 \u00e0 Panc\u00e9 (35)\"}]},{\"@type\":\"WebSite\",\"@id\":\"https:\\\/\\\/assolejourj.fr\\\/wordpress\\\/#website\",\"url\":\"https:\\\/\\\/assolejourj.fr\\\/wordpress\\\/\",\"name\":\"Association le Jour J\",\"description\":\"Diffuseur de culture rafra\u00eechissante\",\"publisher\":{\"@id\":\"https:\\\/\\\/assolejourj.fr\\\/wordpress\\\/#organization\"},\"potentialAction\":[{\"@type\":\"SearchAction\",\"target\":{\"@type\":\"EntryPoint\",\"urlTemplate\":\"https:\\\/\\\/assolejourj.fr\\\/wordpress\\\/?s={search_term_string}\"},\"query-input\":{\"@type\":\"PropertyValueSpecification\",\"valueRequired\":true,\"valueName\":\"search_term_string\"}}],\"inLanguage\":\"fr-FR\"},{\"@type\":\"Organization\",\"@id\":\"https:\\\/\\\/assolejourj.fr\\\/wordpress\\\/#organization\",\"name\":\"Association le Jour J\",\"url\":\"https:\\\/\\\/assolejourj.fr\\\/wordpress\\\/\",\"logo\":{\"@type\":\"ImageObject\",\"inLanguage\":\"fr-FR\",\"@id\":\"https:\\\/\\\/assolejourj.fr\\\/wordpress\\\/#\\\/schema\\\/logo\\\/image\\\/\",\"url\":\"https:\\/\\/assolejourj.fr\\/wordpress\\/wp-content\\/uploads\\/2023\\/02\\/Logo-1.jpg\",\"contentUrl\":\"https:\\/\\/assolejourj.fr\\/wordpress\\/wp-content\\/uploads\\/2023\\/02\\/Logo-1.jpg\",\"width\":320,\"height\":319,\"caption\":\"Association le Jour J\"},\"image\":{\"@id\":\"https:\\\/\\\/assolejourj.fr\\\/wordpress\\\/#\\\/schema\\\/logo\\\/image\\\/\"},\"sameAs\":[\"https:\\\/\\\/www.facebook.com\\\/AssoLeJourJ\\\/?locale=fr_FR\",\"https:\\\/\\\/x.com\\\/AssoLeJourJ\",\"https:\\\/\\\/www.instagram.com\\\/lejourjasso\\\/\"]},{\"@type\":\"Person\",\"@id\":\"https:\\\/\\\/assolejourj.fr\\\/wordpress\\\/#\\\/schema\\\/person\\\/6c4d9c007cbf2db62d8a7e206fb29099\",\"name\":\"admin\",\"image\":{\"@type\":\"ImageObject\",\"inLanguage\":\"fr-FR\",\"@id\":\"https:\\\/\\\/secure.gravatar.com\\\/avatar\\\/fd5fc797398bc466c693f299ae1ff27f9b9c36aa30580e8aecc7c8d7b89d29cc?s=96&d=mm&r=g\",\"url\":\"https:\\\/\\\/secure.gravatar.com\\\/avatar\\\/fd5fc797398bc466c693f299ae1ff27f9b9c36aa30580e8aecc7c8d7b89d29cc?s=96&d=mm&r=g\",\"contentUrl\":\"https:\\\/\\\/secure.gravatar.com\\\/avatar\\\/fd5fc797398bc466c693f299ae1ff27f9b9c36aa30580e8aecc7c8d7b89d29cc?s=96&d=mm&r=g\",\"caption\":\"admin\"},\"sameAs\":[\"https:\\\/\\\/assolejourj.fr\\\/wordpress\"],\"url\":\"https:\\\/\\\/assolejourj.fr\\\/wordpress\\\/author\\\/adminlejourj1\\\/\"}]}<\/script>\n<!-- \/ Yoast SEO plugin. -->","yoast_head_json":{"title":"Dans La \"CLAIRI\u00c8RE\" le 7 Juin 2025 \u00e0 Panc\u00e9 (35) - Association le Jour J.","robots":{"index":"index","follow":"follow","max-snippet":"max-snippet:-1","max-image-preview":"max-image-preview:large","max-video-preview":"max-video-preview:-1"},"canonical":"https:\/\/assolejourj.fr\/wordpress\/dans-la-clairiere-le-7-juin-2025-a-pance-35\/21\/05\/2025\/","og_locale":"fr_FR","og_type":"article","og_title":"Dans La \"CLAIRI\u00c8RE\" le 7 Juin 2025 \u00e0 Panc\u00e9 (35) - Association le Jour J.","og_url":"https:\/\/assolejourj.fr\/wordpress\/dans-la-clairiere-le-7-juin-2025-a-pance-35\/21\/05\/2025\/","og_site_name":"Association le Jour J.","article_publisher":"https:\/\/www.facebook.com\/AssoLeJourJ\/?locale=fr_FR","article_published_time":"2025-05-20T22:47:14+00:00","article_modified_time":"2025-12-18T00:41:27+00:00","og_image":[{"width":1447,"height":2048,"url":"https:\/\/mlwtlfntpdtb.i.optimole.com\/w:auto\/h:auto\/q:mauto\/f:best\/https:\/\/assolejourj.fr\/wordpress\/wp-content\/uploads\/2025\/05\/2025-7juin-affiche.jpg","type":"image\/jpeg"}],"author":"admin","twitter_card":"summary_large_image","twitter_creator":"@AssoLeJourJ","twitter_site":"@AssoLeJourJ","twitter_misc":{"\u00c9crit par":"admin","Dur\u00e9e de lecture estim\u00e9e":"1 minute"},"schema":{"@context":"https:\/\/schema.org","@graph":[{"@type":"Article","@id":"https:\/\/assolejourj.fr\/wordpress\/dans-la-clairiere-le-7-juin-2025-a-pance-35\/21\/05\/2025\/#article","isPartOf":{"@id":"https:\/\/assolejourj.fr\/wordpress\/dans-la-clairiere-le-7-juin-2025-a-pance-35\/21\/05\/2025\/"},"author":{"name":"admin","@id":"https:\/\/assolejourj.fr\/wordpress\/#\/schema\/person\/6c4d9c007cbf2db62d8a7e206fb29099"},"headline":"Dans La \u00ab\u00a0CLAIRI\u00c8RE\u00a0\u00bb le 7 Juin 2025 \u00e0 Panc\u00e9 (35)","datePublished":"2025-05-20T22:47:14+00:00","dateModified":"2025-12-18T00:41:27+00:00","mainEntityOfPage":{"@id":"https:\/\/assolejourj.fr\/wordpress\/dans-la-clairiere-le-7-juin-2025-a-pance-35\/21\/05\/2025\/"},"wordCount":175,"publisher":{"@id":"https:\/\/assolejourj.fr\/wordpress\/#organization"},"image":{"@id":"https:\/\/assolejourj.fr\/wordpress\/dans-la-clairiere-le-7-juin-2025-a-pance-35\/21\/05\/2025\/#primaryimage"},"thumbnailUrl":"https:\/\/mlwtlfntpdtb.i.optimole.com\/w:724\/h:1024\/q:mauto\/f:best\/https:\/\/assolejourj.fr\/wordpress\/wp-content\/uploads\/2025\/05\/2025-7juin-affiche.jpg","keywords":["afro","concert","dans la clairi\u00e8re","Jeannot Haguenier","La famille Walili","latino","Le JourJ","Matj\u00e9","musique","nomade","Panc\u00e9","pas \u00e0 pas","plein-air","Th\u00e9\u00e2tre de verdure"],"articleSection":["2025","Les Actualit\u00e9s","Les Evenements"],"inLanguage":"fr-FR"},{"@type":"WebPage","@id":"https:\/\/assolejourj.fr\/wordpress\/dans-la-clairiere-le-7-juin-2025-a-pance-35\/21\/05\/2025\/","url":"https:\/\/assolejourj.fr\/wordpress\/dans-la-clairiere-le-7-juin-2025-a-pance-35\/21\/05\/2025\/","name":"Dans La \"CLAIRI\u00c8RE\" le 7 Juin 2025 \u00e0 Panc\u00e9 (35) - Association le Jour J.","isPartOf":{"@id":"https:\/\/assolejourj.fr\/wordpress\/#website"},"primaryImageOfPage":{"@id":"https:\/\/assolejourj.fr\/wordpress\/dans-la-clairiere-le-7-juin-2025-a-pance-35\/21\/05\/2025\/#primaryimage"},"image":{"@id":"https:\/\/assolejourj.fr\/wordpress\/dans-la-clairiere-le-7-juin-2025-a-pance-35\/21\/05\/2025\/#primaryimage"},"thumbnailUrl":"https:\/\/mlwtlfntpdtb.i.optimole.com\/w:724\/h:1024\/q:mauto\/f:best\/https:\/\/assolejourj.fr\/wordpress\/wp-content\/uploads\/2025\/05\/2025-7juin-affiche.jpg","datePublished":"2025-05-20T22:47:14+00:00","dateModified":"2025-12-18T00:41:27+00:00","breadcrumb":{"@id":"https:\/\/assolejourj.fr\/wordpress\/dans-la-clairiere-le-7-juin-2025-a-pance-35\/21\/05\/2025\/#breadcrumb"},"inLanguage":"fr-FR","potentialAction":[{"@type":"ReadAction","target":["https:\/\/assolejourj.fr\/wordpress\/dans-la-clairiere-le-7-juin-2025-a-pance-35\/21\/05\/2025\/"]}]},{"@type":"ImageObject","inLanguage":"fr-FR","@id":"https:\/\/assolejourj.fr\/wordpress\/dans-la-clairiere-le-7-juin-2025-a-pance-35\/21\/05\/2025\/#primaryimage","url":"https:\/\/mlwtlfntpdtb.i.optimole.com\/w:auto\/h:auto\/q:mauto\/f:best\/https:\/\/assolejourj.fr\/wordpress\/wp-content\/uploads\/2025\/05\/2025-7juin-affiche.jpg","contentUrl":"https:\/\/mlwtlfntpdtb.i.optimole.com\/w:auto\/h:auto\/q:mauto\/f:best\/https:\/\/assolejourj.fr\/wordpress\/wp-content\/uploads\/2025\/05\/2025-7juin-affiche.jpg","width":1447,"height":2048,"caption":"L'Affiche"},{"@type":"BreadcrumbList","@id":"https:\/\/assolejourj.fr\/wordpress\/dans-la-clairiere-le-7-juin-2025-a-pance-35\/21\/05\/2025\/#breadcrumb","itemListElement":[{"@type":"ListItem","position":1,"name":"Accueil","item":"https:\/\/assolejourj.fr\/wordpress\/"},{"@type":"ListItem","position":2,"name":"Dans La \u00ab\u00a0CLAIRI\u00c8RE\u00a0\u00bb le 7 Juin 2025 \u00e0 Panc\u00e9 (35)"}]},{"@type":"WebSite","@id":"https:\/\/assolejourj.fr\/wordpress\/#website","url":"https:\/\/assolejourj.fr\/wordpress\/","name":"Association le Jour J","description":"Diffuseur de culture rafra\u00eechissante","publisher":{"@id":"https:\/\/assolejourj.fr\/wordpress\/#organization"},"potentialAction":[{"@type":"SearchAction","target":{"@type":"EntryPoint","urlTemplate":"https:\/\/assolejourj.fr\/wordpress\/?s={search_term_string}"},"query-input":{"@type":"PropertyValueSpecification","valueRequired":true,"valueName":"search_term_string"}}],"inLanguage":"fr-FR"},{"@type":"Organization","@id":"https:\/\/assolejourj.fr\/wordpress\/#organization","name":"Association le Jour J","url":"https:\/\/assolejourj.fr\/wordpress\/","logo":{"@type":"ImageObject","inLanguage":"fr-FR","@id":"https:\/\/assolejourj.fr\/wordpress\/#\/schema\/logo\/image\/","url":"https:\/\/mlwtlfntpdtb.i.optimole.com\/w:auto\/h:auto\/q:mauto\/f:best\/https:\/\/assolejourj.fr\/wordpress\/wp-content\/uploads\/2023\/02\/Logo-1.jpg","contentUrl":"https:\/\/mlwtlfntpdtb.i.optimole.com\/w:auto\/h:auto\/q:mauto\/f:best\/https:\/\/assolejourj.fr\/wordpress\/wp-content\/uploads\/2023\/02\/Logo-1.jpg","width":320,"height":319,"caption":"Association le Jour J"},"image":{"@id":"https:\/\/assolejourj.fr\/wordpress\/#\/schema\/logo\/image\/"},"sameAs":["https:\/\/www.facebook.com\/AssoLeJourJ\/?locale=fr_FR","https:\/\/x.com\/AssoLeJourJ","https:\/\/www.instagram.com\/lejourjasso\/"]},{"@type":"Person","@id":"https:\/\/assolejourj.fr\/wordpress\/#\/schema\/person\/6c4d9c007cbf2db62d8a7e206fb29099","name":"admin","image":{"@type":"ImageObject","inLanguage":"fr-FR","@id":"https:\/\/secure.gravatar.com\/avatar\/fd5fc797398bc466c693f299ae1ff27f9b9c36aa30580e8aecc7c8d7b89d29cc?s=96&d=mm&r=g","url":"https:\/\/secure.gravatar.com\/avatar\/fd5fc797398bc466c693f299ae1ff27f9b9c36aa30580e8aecc7c8d7b89d29cc?s=96&d=mm&r=g","contentUrl":"https:\/\/secure.gravatar.com\/avatar\/fd5fc797398bc466c693f299ae1ff27f9b9c36aa30580e8aecc7c8d7b89d29cc?s=96&d=mm&r=g","caption":"admin"},"sameAs":["https:\/\/assolejourj.fr\/wordpress"],"url":"https:\/\/assolejourj.fr\/wordpress\/author\/adminlejourj1\/"}]}},"_links":{"self":[{"href":"https:\/\/assolejourj.fr\/wordpress\/wp-json\/wp\/v2\/posts\/859","targetHints":{"allow":["GET"]}}],"collection":[{"href":"https:\/\/assolejourj.fr\/wordpress\/wp-json\/wp\/v2\/posts"}],"about":[{"href":"https:\/\/assolejourj.fr\/wordpress\/wp-json\/wp\/v2\/types\/post"}],"author":[{"embeddable":true,"href":"https:\/\/assolejourj.fr\/wordpress\/wp-json\/wp\/v2\/users\/1"}],"replies":[{"embeddable":true,"href":"https:\/\/assolejourj.fr\/wordpress\/wp-json\/wp\/v2\/comments?post=859"}],"version-history":[{"count":5,"href":"https:\/\/assolejourj.fr\/wordpress\/wp-json\/wp\/v2\/posts\/859\/revisions"}],"predecessor-version":[{"id":884,"href":"https:\/\/assolejourj.fr\/wordpress\/wp-json\/wp\/v2\/posts\/859\/revisions\/884"}],"wp:attachment":[{"href":"https:\/\/assolejourj.fr\/wordpress\/wp-json\/wp\/v2\/media?parent=859"}],"wp:term":[{"taxonomy":"category","embeddable":true,"href":"https:\/\/assolejourj.fr\/wordpress\/wp-json\/wp\/v2\/categories?post=859"},{"taxonomy":"post_tag","embeddable":true,"href":"https:\/\/assolejourj.fr\/wordpress\/wp-json\/wp\/v2\/tags?post=859"}],"curies":[{"name":"wp","href":"https:\/\/api.w.org\/{rel}","templated":true}]}}