{"id":999,"date":"2026-08-28T02:02:11","date_gmt":"2026-08-28T00:02:11","guid":{"rendered":"https:\/\/assolejourj.fr\/wordpress\/?p=999"},"modified":"2026-08-31T22:18:49","modified_gmt":"2026-08-31T20:18:49","slug":"dans-la-clairiere-ve-18-sept-2026-jazz-theatre","status":"publish","type":"post","link":"https:\/\/assolejourj.fr\/wordpress\/dans-la-clairiere-ve-18-sept-2026-jazz-theatre\/28\/08\/2026\/","title":{"rendered":"Dans la Clairi\u00e8re &#8211; Ve. 18 Sept 2026 &#8211; Jazz &#8211; Th\u00e9\u00e2tre"},"content":{"rendered":"\n<h2>Soir\u00e9e Jazz &amp; Th\u00e9\u00e2tre dans la nature.<br><\/h2>\n\n\n\n<div class=\"wp-block-group is-nowrap is-layout-flex wp-container-core-group-is-layout-8f761849 wp-block-group-is-layout-flex\">\nLe JourJ vous convie \u00e0 un moment de convivialit\u00e9 et de d\u00e9tente, avec une petite soir\u00e9e Th\u00e9\u00e2tre et Jazz au coeur de la For\u00eat, sur le site du Th\u00e9\u00e2tre de verdure de Jeannot Haguenier.<br>Ouverture \u00e0 19h00 &#8211; Entr\u00e9e libre et conscient (respectons les artistes&#8230;). Restauration sur place\n<\/div>\n\n\n\n<div class=\"wp-block-group is-nowrap is-layout-flex wp-container-core-group-is-layout-8f761849 wp-block-group-is-layout-flex\">\n<figure class=\"wp-block-image size-large\"><img data-opt-id=1549920453  fetchpriority=\"high\" decoding=\"async\" width=\"724\" height=\"1024\" src=\"https:\/\/mlwtlfntpdtb.i.optimole.com\/w:724\/h:1024\/q:mauto\/f:best\/https:\/\/assolejourj.fr\/wordpress\/wp-content\/uploads\/2026\/08\/afficheA4.jpg\" alt=\"\" class=\"wp-image-1003\" srcset=\"https:\/\/mlwtlfntpdtb.i.optimole.com\/w:724\/h:1024\/q:mauto\/f:best\/https:\/\/assolejourj.fr\/wordpress\/wp-content\/uploads\/2026\/08\/afficheA4-scaled.jpg 724w, https:\/\/mlwtlfntpdtb.i.optimole.com\/w:212\/h:300\/q:mauto\/f:best\/https:\/\/assolejourj.fr\/wordpress\/wp-content\/uploads\/2026\/08\/afficheA4-scaled.jpg 212w, https:\/\/mlwtlfntpdtb.i.optimole.com\/w:763\/h:1080\/q:mauto\/f:best\/https:\/\/assolejourj.fr\/wordpress\/wp-content\/uploads\/2026\/08\/afficheA4-scaled.jpg 768w, https:\/\/mlwtlfntpdtb.i.optimole.com\/w:763\/h:1080\/q:mauto\/f:best\/https:\/\/assolejourj.fr\/wordpress\/wp-content\/uploads\/2026\/08\/afficheA4-scaled.jpg 1086w, https:\/\/mlwtlfntpdtb.i.optimole.com\/w:763\/h:1080\/q:mauto\/f:best\/https:\/\/assolejourj.fr\/wordpress\/wp-content\/uploads\/2026\/08\/afficheA4-scaled.jpg 1448w, https:\/\/mlwtlfntpdtb.i.optimole.com\/w:763\/h:1080\/q:mauto\/f:best\/https:\/\/assolejourj.fr\/wordpress\/wp-content\/uploads\/2026\/08\/afficheA4-scaled.jpg 1320w, https:\/\/mlwtlfntpdtb.i.optimole.com\/w:763\/h:1080\/q:mauto\/f:best\/https:\/\/assolejourj.fr\/wordpress\/wp-content\/uploads\/2026\/08\/afficheA4-scaled.jpg 1810w\" sizes=\"(max-width: 724px) 100vw, 724px\" \/><\/figure>\n<\/div>\n\n\n\n<h2>AU PROGRAMME\u00a0:<\/h2>\n\n\n\n<p class=\"wp-block-paragraph\">Pour sa derni\u00e8re repr\u00e9sentation de la pi\u00e8ce \u00ab\u00a0Le silence de la m\u00e8re\u00a0\u00bb, d&rsquo;Herv\u00e9 LE PAN, mise en sc\u00e8ne par Laurent COTTIN, la Cie ZigZag, de Saint-Jacques de la Lande, a choisi le Th\u00e9\u00e2tre de verdure de Jeannot.<\/p>\n\n\n\n<p class=\"wp-block-paragraph\">Leur 1\u1d49\u02b3 passage avec \u00ab\u00a0Landru Tout Feu Tout Femme\u00a0\u00bb, \u00e0 la cr\u00e9ation du JourJ en 2013, n&rsquo;y est certainement pas \u00e9tranger. Cette fois-ci c&rsquo;est une th\u00e9matique diff\u00e9rente, une ambiance de croquemort sur fond d&rsquo;enqu\u00eate polici\u00e8re, o\u00f9 l&rsquo;humour noir brille \u00e0 merveille, et la mort donne vie \u00e0 de superbes situations th\u00e9\u00e2trales.<\/p>\n\n\n\n<figure class=\"wp-block-gallery has-nested-images columns-default is-cropped wp-block-gallery-1 is-layout-flex wp-block-gallery-is-layout-flex\">\n<figure class=\"wp-block-image size-large is-style-default\"><img data-opt-id=250470025  fetchpriority=\"high\" decoding=\"async\" width=\"724\" height=\"1024\" data-id=\"1031\" src=\"https:\/\/mlwtlfntpdtb.i.optimole.com\/w:724\/h:1024\/q:mauto\/f:best\/https:\/\/assolejourj.fr\/wordpress\/wp-content\/uploads\/2026\/08\/pitch-zigzag.jpg\" alt=\"\" class=\"wp-image-1031\" srcset=\"https:\/\/mlwtlfntpdtb.i.optimole.com\/w:724\/h:1024\/q:mauto\/f:best\/https:\/\/assolejourj.fr\/wordpress\/wp-content\/uploads\/2026\/08\/pitch-zigzag-scaled.jpg 724w, https:\/\/mlwtlfntpdtb.i.optimole.com\/w:212\/h:300\/q:mauto\/f:best\/https:\/\/assolejourj.fr\/wordpress\/wp-content\/uploads\/2026\/08\/pitch-zigzag-scaled.jpg 212w, https:\/\/mlwtlfntpdtb.i.optimole.com\/w:763\/h:1080\/q:mauto\/f:best\/https:\/\/assolejourj.fr\/wordpress\/wp-content\/uploads\/2026\/08\/pitch-zigzag-scaled.jpg 768w, https:\/\/mlwtlfntpdtb.i.optimole.com\/w:763\/h:1080\/q:mauto\/f:best\/https:\/\/assolejourj.fr\/wordpress\/wp-content\/uploads\/2026\/08\/pitch-zigzag-scaled.jpg 1086w, https:\/\/mlwtlfntpdtb.i.optimole.com\/w:763\/h:1080\/q:mauto\/f:best\/https:\/\/assolejourj.fr\/wordpress\/wp-content\/uploads\/2026\/08\/pitch-zigzag-scaled.jpg 1448w, https:\/\/mlwtlfntpdtb.i.optimole.com\/w:763\/h:1080\/q:mauto\/f:best\/https:\/\/assolejourj.fr\/wordpress\/wp-content\/uploads\/2026\/08\/pitch-zigzag-scaled.jpg 1320w, https:\/\/mlwtlfntpdtb.i.optimole.com\/w:763\/h:1080\/q:mauto\/f:best\/https:\/\/assolejourj.fr\/wordpress\/wp-content\/uploads\/2026\/08\/pitch-zigzag-scaled.jpg 1810w\" sizes=\"(max-width: 724px) 100vw, 724px\" \/><\/figure>\n<\/figure>\n\n\n\n<p class=\"wp-block-paragraph\">Pour enjoliver encore plus l&rsquo;atmosph\u00e8re, le Trio de Jazz \u00ab\u00a0The Submerger Trio\u00a0\u00bb vous composera ses meilleurs morceaux de JAZZ, au milieu des arbres, dans notre clairi\u00e8re magique.<\/p>\n\n\n\n<figure class=\"wp-block-image size-full\"><img data-opt-id=1263058523  fetchpriority=\"high\" decoding=\"async\" width=\"763\" height=\"665\" src=\"https:\/\/mlwtlfntpdtb.i.optimole.com\/w:auto\/h:auto\/q:mauto\/f:best\/https:\/\/assolejourj.fr\/wordpress\/wp-content\/uploads\/2026\/08\/pitch-jazz.png\" alt=\"\" class=\"wp-image-1005\" srcset=\"https:\/\/mlwtlfntpdtb.i.optimole.com\/w:763\/h:665\/q:mauto\/f:best\/https:\/\/assolejourj.fr\/wordpress\/wp-content\/uploads\/2026\/08\/pitch-jazz.png 763w, https:\/\/mlwtlfntpdtb.i.optimole.com\/w:300\/h:261\/q:mauto\/f:best\/https:\/\/assolejourj.fr\/wordpress\/wp-content\/uploads\/2026\/08\/pitch-jazz.png 300w\" sizes=\"(max-width: 763px) 100vw, 763px\" \/><\/figure>\n","protected":false},"excerpt":{"rendered":"<p>Pour sa derni\u00e8re repr\u00e9sentation de la pi\u00e8ce \u00ab\u00a0Le silence de la m\u00e8re\u00a0\u00bb, d&rsquo;Herv\u00e9 LE PAN, mise en sc\u00e8ne par Laurent COTTIN, la Cie ZigZag, de Saint-Jacques de la Lande, a choisi le Th\u00e9\u00e2tre de verdure de Jeannot. Leur 1\u1d49\u02b3 passage avec \u00ab\u00a0Landru Tout Feu Tout Femme\u00a0\u00bb, \u00e0 la cr\u00e9ation du JourJ en 2013, n&rsquo;y est [&hellip;]<\/p>\n","protected":false},"author":1,"featured_media":1002,"comment_status":"open","ping_status":"closed","sticky":true,"template":"","format":"standard","meta":{"pagelayer_contact_templates":[],"_pagelayer_content":"","_themeisle_gutenberg_block_has_review":false,"footnotes":""},"categories":[61,33,31],"tags":[65,68,67,14,53,15,66,29,13],"class_list":["post-999","post","type-post","status-publish","format-standard","has-post-thumbnail","hentry","category-61","category-actualites","category-evenements","tag-cie-zigzag","tag-foret-du-tertre-gris","tag-jazz","tag-jeannot-haguenier","tag-lejourj","tag-pance","tag-the-submerger-trio","tag-theatre","tag-theatre-de-verdure"],"yoast_head":"<!-- This site is optimized with the Yoast SEO plugin v28.3 - https:\/\/yoast.com\/product\/yoast-seo-wordpress\/ -->\n<title>Dans la Clairi\u00e8re - Ve. 18 Sept 2026 - Jazz - Th\u00e9\u00e2tre - Association le Jour J.<\/title>\n<meta name=\"robots\" content=\"index, follow, max-snippet:-1, max-image-preview:large, max-video-preview:-1\" \/>\n<link rel=\"canonical\" href=\"https:\/\/assolejourj.fr\/wordpress\/dans-la-clairiere-ve-18-sept-2026-jazz-theatre\/28\/08\/2026\/\" \/>\n<meta property=\"og:locale\" content=\"fr_FR\" \/>\n<meta property=\"og:type\" content=\"article\" \/>\n<meta property=\"og:title\" content=\"Dans la Clairi\u00e8re - Ve. 18 Sept 2026 - Jazz - Th\u00e9\u00e2tre - Association le Jour J.\" \/>\n<meta property=\"og:description\" content=\"Pour sa derni\u00e8re repr\u00e9sentation de la pi\u00e8ce \u00ab\u00a0Le silence de la m\u00e8re\u00a0\u00bb, d&rsquo;Herv\u00e9 LE PAN, mise en sc\u00e8ne par Laurent COTTIN, la Cie ZigZag, de Saint-Jacques de la Lande, a choisi le Th\u00e9\u00e2tre de verdure de Jeannot. Leur 1\u1d49\u02b3 passage avec \u00ab\u00a0Landru Tout Feu Tout Femme\u00a0\u00bb, \u00e0 la cr\u00e9ation du JourJ en 2013, n&rsquo;y est [&hellip;]\" \/>\n<meta property=\"og:url\" content=\"https:\/\/assolejourj.fr\/wordpress\/dans-la-clairiere-ve-18-sept-2026-jazz-theatre\/28\/08\/2026\/\" \/>\n<meta property=\"og:site_name\" content=\"Association le Jour J.\" \/>\n<meta property=\"article:publisher\" content=\"https:\/\/www.facebook.com\/AssoLeJourJ\/?locale=fr_FR\" \/>\n<meta property=\"article:published_time\" content=\"2026-08-28T00:02:11+00:00\" \/>\n<meta property=\"article:modified_time\" content=\"2026-08-31T20:18:49+00:00\" \/>\n<meta property=\"og:image\" content=\"https:\/\/mlwtlfntpdtb.i.optimole.com\/w:auto\/h:auto\/q:mauto\/f:best\/https:\/\/assolejourj.fr\/wordpress\/wp-content\/uploads\/2026\/08\/Bandeau-Facebook.jpg\" \/>\n\t<meta property=\"og:image:width\" content=\"820\" \/>\n\t<meta property=\"og:image:height\" content=\"340\" \/>\n\t<meta property=\"og:image:type\" content=\"image\/jpeg\" \/>\n<meta name=\"author\" content=\"admin\" \/>\n<meta name=\"twitter:card\" content=\"summary_large_image\" \/>\n<meta name=\"twitter:creator\" content=\"@AssoLeJourJ\" \/>\n<meta name=\"twitter:site\" content=\"@AssoLeJourJ\" \/>\n<meta name=\"twitter:label1\" content=\"\u00c9crit par\" \/>\n\t<meta name=\"twitter:data1\" content=\"admin\" \/>\n\t<meta name=\"twitter:label2\" content=\"Dur\u00e9e de lecture estim\u00e9e\" \/>\n\t<meta name=\"twitter:data2\" content=\"2 minutes\" \/>\n<script type=\"application\/ld+json\" class=\"yoast-schema-graph\">{\"@context\":\"https:\\\/\\\/schema.org\",\"@graph\":[{\"@type\":\"Article\",\"@id\":\"https:\\\/\\\/assolejourj.fr\\\/wordpress\\\/dans-la-clairiere-ve-18-sept-2026-jazz-theatre\\\/28\\\/08\\\/2026\\\/#article\",\"isPartOf\":{\"@id\":\"https:\\\/\\\/assolejourj.fr\\\/wordpress\\\/dans-la-clairiere-ve-18-sept-2026-jazz-theatre\\\/28\\\/08\\\/2026\\\/\"},\"author\":{\"name\":\"admin\",\"@id\":\"https:\\\/\\\/assolejourj.fr\\\/wordpress\\\/#\\\/schema\\\/person\\\/6c4d9c007cbf2db62d8a7e206fb29099\"},\"headline\":\"Dans la Clairi\u00e8re &#8211; Ve. 18 Sept 2026 &#8211; Jazz &#8211; Th\u00e9\u00e2tre\",\"datePublished\":\"2026-08-28T00:02:11+00:00\",\"dateModified\":\"2026-08-31T20:18:49+00:00\",\"mainEntityOfPage\":{\"@id\":\"https:\\\/\\\/assolejourj.fr\\\/wordpress\\\/dans-la-clairiere-ve-18-sept-2026-jazz-theatre\\\/28\\\/08\\\/2026\\\/\"},\"wordCount\":205,\"commentCount\":0,\"publisher\":{\"@id\":\"https:\\\/\\\/assolejourj.fr\\\/wordpress\\\/#organization\"},\"image\":{\"@id\":\"https:\\\/\\\/assolejourj.fr\\\/wordpress\\\/dans-la-clairiere-ve-18-sept-2026-jazz-theatre\\\/28\\\/08\\\/2026\\\/#primaryimage\"},\"thumbnailUrl\":\"https:\\/\\/assolejourj.fr\\/wordpress\\/wp-content\\/uploads\\/2026\\/08\\/Bandeau-Facebook.jpg\",\"keywords\":[\"Cie ZigZag\",\"For\u00eat du Tertre Gris\",\"JAZZ\",\"Jeannot Haguenier\",\"LEJOURJ\",\"Panc\u00e9\",\"The Submerger Trio\",\"Th\u00e9\u00e2tre\",\"Th\u00e9\u00e2tre de verdure\"],\"articleSection\":[\"2026\",\"Les Actualit\u00e9s\",\"Les Evenements\"],\"inLanguage\":\"fr-FR\",\"potentialAction\":[{\"@type\":\"CommentAction\",\"name\":\"Comment\",\"target\":[\"https:\\\/\\\/assolejourj.fr\\\/wordpress\\\/dans-la-clairiere-ve-18-sept-2026-jazz-theatre\\\/28\\\/08\\\/2026\\\/#respond\"]}]},{\"@type\":\"WebPage\",\"@id\":\"https:\\\/\\\/assolejourj.fr\\\/wordpress\\\/dans-la-clairiere-ve-18-sept-2026-jazz-theatre\\\/28\\\/08\\\/2026\\\/\",\"url\":\"https:\\\/\\\/assolejourj.fr\\\/wordpress\\\/dans-la-clairiere-ve-18-sept-2026-jazz-theatre\\\/28\\\/08\\\/2026\\\/\",\"name\":\"Dans la Clairi\u00e8re - Ve. 18 Sept 2026 - Jazz - Th\u00e9\u00e2tre - Association le Jour J.\",\"isPartOf\":{\"@id\":\"https:\\\/\\\/assolejourj.fr\\\/wordpress\\\/#website\"},\"primaryImageOfPage\":{\"@id\":\"https:\\\/\\\/assolejourj.fr\\\/wordpress\\\/dans-la-clairiere-ve-18-sept-2026-jazz-theatre\\\/28\\\/08\\\/2026\\\/#primaryimage\"},\"image\":{\"@id\":\"https:\\\/\\\/assolejourj.fr\\\/wordpress\\\/dans-la-clairiere-ve-18-sept-2026-jazz-theatre\\\/28\\\/08\\\/2026\\\/#primaryimage\"},\"thumbnailUrl\":\"https:\\/\\/assolejourj.fr\\/wordpress\\/wp-content\\/uploads\\/2026\\/08\\/Bandeau-Facebook.jpg\",\"datePublished\":\"2026-08-28T00:02:11+00:00\",\"dateModified\":\"2026-08-31T20:18:49+00:00\",\"breadcrumb\":{\"@id\":\"https:\\\/\\\/assolejourj.fr\\\/wordpress\\\/dans-la-clairiere-ve-18-sept-2026-jazz-theatre\\\/28\\\/08\\\/2026\\\/#breadcrumb\"},\"inLanguage\":\"fr-FR\",\"potentialAction\":[{\"@type\":\"ReadAction\",\"target\":[\"https:\\\/\\\/assolejourj.fr\\\/wordpress\\\/dans-la-clairiere-ve-18-sept-2026-jazz-theatre\\\/28\\\/08\\\/2026\\\/\"]}]},{\"@type\":\"ImageObject\",\"inLanguage\":\"fr-FR\",\"@id\":\"https:\\\/\\\/assolejourj.fr\\\/wordpress\\\/dans-la-clairiere-ve-18-sept-2026-jazz-theatre\\\/28\\\/08\\\/2026\\\/#primaryimage\",\"url\":\"https:\\/\\/assolejourj.fr\\/wordpress\\/wp-content\\/uploads\\/2026\\/08\\/Bandeau-Facebook.jpg\",\"contentUrl\":\"https:\\/\\/assolejourj.fr\\/wordpress\\/wp-content\\/uploads\\/2026\\/08\\/Bandeau-Facebook.jpg\",\"width\":820,\"height\":340},{\"@type\":\"BreadcrumbList\",\"@id\":\"https:\\\/\\\/assolejourj.fr\\\/wordpress\\\/dans-la-clairiere-ve-18-sept-2026-jazz-theatre\\\/28\\\/08\\\/2026\\\/#breadcrumb\",\"itemListElement\":[{\"@type\":\"ListItem\",\"position\":1,\"name\":\"Accueil\",\"item\":\"https:\\\/\\\/assolejourj.fr\\\/wordpress\\\/\"},{\"@type\":\"ListItem\",\"position\":2,\"name\":\"Dans la Clairi\u00e8re &#8211; Ve. 18 Sept 2026 &#8211; Jazz &#8211; Th\u00e9\u00e2tre\"}]},{\"@type\":\"WebSite\",\"@id\":\"https:\\\/\\\/assolejourj.fr\\\/wordpress\\\/#website\",\"url\":\"https:\\\/\\\/assolejourj.fr\\\/wordpress\\\/\",\"name\":\"Association le Jour J\",\"description\":\"Diffuseur de culture rafra\u00eechissante\",\"publisher\":{\"@id\":\"https:\\\/\\\/assolejourj.fr\\\/wordpress\\\/#organization\"},\"potentialAction\":[{\"@type\":\"SearchAction\",\"target\":{\"@type\":\"EntryPoint\",\"urlTemplate\":\"https:\\\/\\\/assolejourj.fr\\\/wordpress\\\/?s={search_term_string}\"},\"query-input\":{\"@type\":\"PropertyValueSpecification\",\"valueRequired\":true,\"valueName\":\"search_term_string\"}}],\"inLanguage\":\"fr-FR\"},{\"@type\":\"Organization\",\"@id\":\"https:\\\/\\\/assolejourj.fr\\\/wordpress\\\/#organization\",\"name\":\"Association le Jour J\",\"url\":\"https:\\\/\\\/assolejourj.fr\\\/wordpress\\\/\",\"logo\":{\"@type\":\"ImageObject\",\"inLanguage\":\"fr-FR\",\"@id\":\"https:\\\/\\\/assolejourj.fr\\\/wordpress\\\/#\\\/schema\\\/logo\\\/image\\\/\",\"url\":\"https:\\/\\/assolejourj.fr\\/wordpress\\/wp-content\\/uploads\\/2023\\/02\\/Logo-1.jpg\",\"contentUrl\":\"https:\\/\\/assolejourj.fr\\/wordpress\\/wp-content\\/uploads\\/2023\\/02\\/Logo-1.jpg\",\"width\":320,\"height\":319,\"caption\":\"Association le Jour J\"},\"image\":{\"@id\":\"https:\\\/\\\/assolejourj.fr\\\/wordpress\\\/#\\\/schema\\\/logo\\\/image\\\/\"},\"sameAs\":[\"https:\\\/\\\/www.facebook.com\\\/AssoLeJourJ\\\/?locale=fr_FR\",\"https:\\\/\\\/x.com\\\/AssoLeJourJ\",\"https:\\\/\\\/www.instagram.com\\\/lejourjasso\\\/\"]},{\"@type\":\"Person\",\"@id\":\"https:\\\/\\\/assolejourj.fr\\\/wordpress\\\/#\\\/schema\\\/person\\\/6c4d9c007cbf2db62d8a7e206fb29099\",\"name\":\"admin\",\"image\":{\"@type\":\"ImageObject\",\"inLanguage\":\"fr-FR\",\"@id\":\"https:\\\/\\\/secure.gravatar.com\\\/avatar\\\/fd5fc797398bc466c693f299ae1ff27f9b9c36aa30580e8aecc7c8d7b89d29cc?s=96&d=mm&r=g\",\"url\":\"https:\\\/\\\/secure.gravatar.com\\\/avatar\\\/fd5fc797398bc466c693f299ae1ff27f9b9c36aa30580e8aecc7c8d7b89d29cc?s=96&d=mm&r=g\",\"contentUrl\":\"https:\\\/\\\/secure.gravatar.com\\\/avatar\\\/fd5fc797398bc466c693f299ae1ff27f9b9c36aa30580e8aecc7c8d7b89d29cc?s=96&d=mm&r=g\",\"caption\":\"admin\"},\"sameAs\":[\"https:\\\/\\\/assolejourj.fr\\\/wordpress\"],\"url\":\"https:\\\/\\\/assolejourj.fr\\\/wordpress\\\/author\\\/adminlejourj1\\\/\"}]}<\/script>\n<!-- \/ Yoast SEO plugin. -->","yoast_head_json":{"title":"Dans la Clairi\u00e8re - Ve. 18 Sept 2026 - Jazz - Th\u00e9\u00e2tre - Association le Jour J.","robots":{"index":"index","follow":"follow","max-snippet":"max-snippet:-1","max-image-preview":"max-image-preview:large","max-video-preview":"max-video-preview:-1"},"canonical":"https:\/\/assolejourj.fr\/wordpress\/dans-la-clairiere-ve-18-sept-2026-jazz-theatre\/28\/08\/2026\/","og_locale":"fr_FR","og_type":"article","og_title":"Dans la Clairi\u00e8re - Ve. 18 Sept 2026 - Jazz - Th\u00e9\u00e2tre - Association le Jour J.","og_description":"Pour sa derni\u00e8re repr\u00e9sentation de la pi\u00e8ce \u00ab\u00a0Le silence de la m\u00e8re\u00a0\u00bb, d&rsquo;Herv\u00e9 LE PAN, mise en sc\u00e8ne par Laurent COTTIN, la Cie ZigZag, de Saint-Jacques de la Lande, a choisi le Th\u00e9\u00e2tre de verdure de Jeannot. Leur 1\u1d49\u02b3 passage avec \u00ab\u00a0Landru Tout Feu Tout Femme\u00a0\u00bb, \u00e0 la cr\u00e9ation du JourJ en 2013, n&rsquo;y est [&hellip;]","og_url":"https:\/\/assolejourj.fr\/wordpress\/dans-la-clairiere-ve-18-sept-2026-jazz-theatre\/28\/08\/2026\/","og_site_name":"Association le Jour J.","article_publisher":"https:\/\/www.facebook.com\/AssoLeJourJ\/?locale=fr_FR","article_published_time":"2026-08-28T00:02:11+00:00","article_modified_time":"2026-08-31T20:18:49+00:00","og_image":[{"width":820,"height":340,"url":"https:\/\/mlwtlfntpdtb.i.optimole.com\/w:auto\/h:auto\/q:mauto\/f:best\/https:\/\/assolejourj.fr\/wordpress\/wp-content\/uploads\/2026\/08\/Bandeau-Facebook.jpg","type":"image\/jpeg"}],"author":"admin","twitter_card":"summary_large_image","twitter_creator":"@AssoLeJourJ","twitter_site":"@AssoLeJourJ","twitter_misc":{"\u00c9crit par":"admin","Dur\u00e9e de lecture estim\u00e9e":"2 minutes"},"schema":{"@context":"https:\/\/schema.org","@graph":[{"@type":"Article","@id":"https:\/\/assolejourj.fr\/wordpress\/dans-la-clairiere-ve-18-sept-2026-jazz-theatre\/28\/08\/2026\/#article","isPartOf":{"@id":"https:\/\/assolejourj.fr\/wordpress\/dans-la-clairiere-ve-18-sept-2026-jazz-theatre\/28\/08\/2026\/"},"author":{"name":"admin","@id":"https:\/\/assolejourj.fr\/wordpress\/#\/schema\/person\/6c4d9c007cbf2db62d8a7e206fb29099"},"headline":"Dans la Clairi\u00e8re &#8211; Ve. 18 Sept 2026 &#8211; Jazz &#8211; Th\u00e9\u00e2tre","datePublished":"2026-08-28T00:02:11+00:00","dateModified":"2026-08-31T20:18:49+00:00","mainEntityOfPage":{"@id":"https:\/\/assolejourj.fr\/wordpress\/dans-la-clairiere-ve-18-sept-2026-jazz-theatre\/28\/08\/2026\/"},"wordCount":205,"commentCount":0,"publisher":{"@id":"https:\/\/assolejourj.fr\/wordpress\/#organization"},"image":{"@id":"https:\/\/assolejourj.fr\/wordpress\/dans-la-clairiere-ve-18-sept-2026-jazz-theatre\/28\/08\/2026\/#primaryimage"},"thumbnailUrl":"https:\/\/mlwtlfntpdtb.i.optimole.com\/w:auto\/h:auto\/q:mauto\/f:best\/https:\/\/assolejourj.fr\/wordpress\/wp-content\/uploads\/2026\/08\/Bandeau-Facebook.jpg","keywords":["Cie ZigZag","For\u00eat du Tertre Gris","JAZZ","Jeannot Haguenier","LEJOURJ","Panc\u00e9","The Submerger Trio","Th\u00e9\u00e2tre","Th\u00e9\u00e2tre de verdure"],"articleSection":["2026","Les Actualit\u00e9s","Les Evenements"],"inLanguage":"fr-FR","potentialAction":[{"@type":"CommentAction","name":"Comment","target":["https:\/\/assolejourj.fr\/wordpress\/dans-la-clairiere-ve-18-sept-2026-jazz-theatre\/28\/08\/2026\/#respond"]}]},{"@type":"WebPage","@id":"https:\/\/assolejourj.fr\/wordpress\/dans-la-clairiere-ve-18-sept-2026-jazz-theatre\/28\/08\/2026\/","url":"https:\/\/assolejourj.fr\/wordpress\/dans-la-clairiere-ve-18-sept-2026-jazz-theatre\/28\/08\/2026\/","name":"Dans la Clairi\u00e8re - Ve. 18 Sept 2026 - Jazz - Th\u00e9\u00e2tre - Association le Jour J.","isPartOf":{"@id":"https:\/\/assolejourj.fr\/wordpress\/#website"},"primaryImageOfPage":{"@id":"https:\/\/assolejourj.fr\/wordpress\/dans-la-clairiere-ve-18-sept-2026-jazz-theatre\/28\/08\/2026\/#primaryimage"},"image":{"@id":"https:\/\/assolejourj.fr\/wordpress\/dans-la-clairiere-ve-18-sept-2026-jazz-theatre\/28\/08\/2026\/#primaryimage"},"thumbnailUrl":"https:\/\/mlwtlfntpdtb.i.optimole.com\/w:auto\/h:auto\/q:mauto\/f:best\/https:\/\/assolejourj.fr\/wordpress\/wp-content\/uploads\/2026\/08\/Bandeau-Facebook.jpg","datePublished":"2026-08-28T00:02:11+00:00","dateModified":"2026-08-31T20:18:49+00:00","breadcrumb":{"@id":"https:\/\/assolejourj.fr\/wordpress\/dans-la-clairiere-ve-18-sept-2026-jazz-theatre\/28\/08\/2026\/#breadcrumb"},"inLanguage":"fr-FR","potentialAction":[{"@type":"ReadAction","target":["https:\/\/assolejourj.fr\/wordpress\/dans-la-clairiere-ve-18-sept-2026-jazz-theatre\/28\/08\/2026\/"]}]},{"@type":"ImageObject","inLanguage":"fr-FR","@id":"https:\/\/assolejourj.fr\/wordpress\/dans-la-clairiere-ve-18-sept-2026-jazz-theatre\/28\/08\/2026\/#primaryimage","url":"https:\/\/mlwtlfntpdtb.i.optimole.com\/w:auto\/h:auto\/q:mauto\/f:best\/https:\/\/assolejourj.fr\/wordpress\/wp-content\/uploads\/2026\/08\/Bandeau-Facebook.jpg","contentUrl":"https:\/\/mlwtlfntpdtb.i.optimole.com\/w:auto\/h:auto\/q:mauto\/f:best\/https:\/\/assolejourj.fr\/wordpress\/wp-content\/uploads\/2026\/08\/Bandeau-Facebook.jpg","width":820,"height":340},{"@type":"BreadcrumbList","@id":"https:\/\/assolejourj.fr\/wordpress\/dans-la-clairiere-ve-18-sept-2026-jazz-theatre\/28\/08\/2026\/#breadcrumb","itemListElement":[{"@type":"ListItem","position":1,"name":"Accueil","item":"https:\/\/assolejourj.fr\/wordpress\/"},{"@type":"ListItem","position":2,"name":"Dans la Clairi\u00e8re &#8211; Ve. 18 Sept 2026 &#8211; Jazz &#8211; Th\u00e9\u00e2tre"}]},{"@type":"WebSite","@id":"https:\/\/assolejourj.fr\/wordpress\/#website","url":"https:\/\/assolejourj.fr\/wordpress\/","name":"Association le Jour J","description":"Diffuseur de culture rafra\u00eechissante","publisher":{"@id":"https:\/\/assolejourj.fr\/wordpress\/#organization"},"potentialAction":[{"@type":"SearchAction","target":{"@type":"EntryPoint","urlTemplate":"https:\/\/assolejourj.fr\/wordpress\/?s={search_term_string}"},"query-input":{"@type":"PropertyValueSpecification","valueRequired":true,"valueName":"search_term_string"}}],"inLanguage":"fr-FR"},{"@type":"Organization","@id":"https:\/\/assolejourj.fr\/wordpress\/#organization","name":"Association le Jour J","url":"https:\/\/assolejourj.fr\/wordpress\/","logo":{"@type":"ImageObject","inLanguage":"fr-FR","@id":"https:\/\/assolejourj.fr\/wordpress\/#\/schema\/logo\/image\/","url":"https:\/\/mlwtlfntpdtb.i.optimole.com\/w:auto\/h:auto\/q:mauto\/f:best\/https:\/\/assolejourj.fr\/wordpress\/wp-content\/uploads\/2023\/02\/Logo-1.jpg","contentUrl":"https:\/\/mlwtlfntpdtb.i.optimole.com\/w:auto\/h:auto\/q:mauto\/f:best\/https:\/\/assolejourj.fr\/wordpress\/wp-content\/uploads\/2023\/02\/Logo-1.jpg","width":320,"height":319,"caption":"Association le Jour J"},"image":{"@id":"https:\/\/assolejourj.fr\/wordpress\/#\/schema\/logo\/image\/"},"sameAs":["https:\/\/www.facebook.com\/AssoLeJourJ\/?locale=fr_FR","https:\/\/x.com\/AssoLeJourJ","https:\/\/www.instagram.com\/lejourjasso\/"]},{"@type":"Person","@id":"https:\/\/assolejourj.fr\/wordpress\/#\/schema\/person\/6c4d9c007cbf2db62d8a7e206fb29099","name":"admin","image":{"@type":"ImageObject","inLanguage":"fr-FR","@id":"https:\/\/secure.gravatar.com\/avatar\/fd5fc797398bc466c693f299ae1ff27f9b9c36aa30580e8aecc7c8d7b89d29cc?s=96&d=mm&r=g","url":"https:\/\/secure.gravatar.com\/avatar\/fd5fc797398bc466c693f299ae1ff27f9b9c36aa30580e8aecc7c8d7b89d29cc?s=96&d=mm&r=g","contentUrl":"https:\/\/secure.gravatar.com\/avatar\/fd5fc797398bc466c693f299ae1ff27f9b9c36aa30580e8aecc7c8d7b89d29cc?s=96&d=mm&r=g","caption":"admin"},"sameAs":["https:\/\/assolejourj.fr\/wordpress"],"url":"https:\/\/assolejourj.fr\/wordpress\/author\/adminlejourj1\/"}]}},"_links":{"self":[{"href":"https:\/\/assolejourj.fr\/wordpress\/wp-json\/wp\/v2\/posts\/999","targetHints":{"allow":["GET"]}}],"collection":[{"href":"https:\/\/assolejourj.fr\/wordpress\/wp-json\/wp\/v2\/posts"}],"about":[{"href":"https:\/\/assolejourj.fr\/wordpress\/wp-json\/wp\/v2\/types\/post"}],"author":[{"embeddable":true,"href":"https:\/\/assolejourj.fr\/wordpress\/wp-json\/wp\/v2\/users\/1"}],"replies":[{"embeddable":true,"href":"https:\/\/assolejourj.fr\/wordpress\/wp-json\/wp\/v2\/comments?post=999"}],"version-history":[{"count":7,"href":"https:\/\/assolejourj.fr\/wordpress\/wp-json\/wp\/v2\/posts\/999\/revisions"}],"predecessor-version":[{"id":1032,"href":"https:\/\/assolejourj.fr\/wordpress\/wp-json\/wp\/v2\/posts\/999\/revisions\/1032"}],"wp:featuredmedia":[{"embeddable":true,"href":"https:\/\/assolejourj.fr\/wordpress\/wp-json\/wp\/v2\/media\/1002"}],"wp:attachment":[{"href":"https:\/\/assolejourj.fr\/wordpress\/wp-json\/wp\/v2\/media?parent=999"}],"wp:term":[{"taxonomy":"category","embeddable":true,"href":"https:\/\/assolejourj.fr\/wordpress\/wp-json\/wp\/v2\/categories?post=999"},{"taxonomy":"post_tag","embeddable":true,"href":"https:\/\/assolejourj.fr\/wordpress\/wp-json\/wp\/v2\/tags?post=999"}],"curies":[{"name":"wp","href":"https:\/\/api.w.org\/{rel}","templated":true}]}}